{"id":2350,"date":"2024-06-18T15:48:42","date_gmt":"2024-06-18T13:48:42","guid":{"rendered":"https:\/\/wonderhome.eu\/?post_type=blog&#038;p=2350"},"modified":"2025-10-21T14:37:49","modified_gmt":"2025-10-21T12:37:49","slug":"co-zobaczyc-w-karpaczu-2","status":"publish","type":"blog","link":"https:\/\/wonderhome.eu\/cz\/blog\/co-zobaczyc-w-karpaczu-2","title":{"rendered":"Co vid\u011bt v Karpaczi? Pod\u00edvejte se na TOP 17 nejzaj\u00edmav\u011bj\u0161\u00edch atrakc\u00ed!"},"content":{"rendered":"<h1 class=\"wp-block-heading has-text-align-center has-x-large-font-size\" style=\"font-style:normal;font-weight:800\">Co vid\u011bt v Karpaczi na dovolen\u00e9?<\/h1>\n\n\n\n<h1 class=\"wp-block-heading has-text-align-center has-x-large-font-size\" style=\"font-style:normal;font-weight:800\">TOP 17 nejlep\u0161\u00edch atrakc\u00ed!<\/h1>\n\n\n\n<hr class=\"wp-block-separator has-alpha-channel-opacity\"\/>\n\n\n\n<p><\/p>\n\n\n\n<div class=\"wp-block-group\"><div class=\"wp-block-group__inner-container is-layout-constrained wp-block-group-is-layout-constrained\"><div class=\"wp-block-image\">\n<figure class=\"aligncenter size-full is-resized\"><img loading=\"lazy\" decoding=\"async\" width=\"500\" height=\"71\" src=\"https:\/\/wonderhome.eu\/wp-content\/uploads\/2022\/09\/logo-grey.png\" alt=\"Logo firmy Wonder Home\" class=\"wp-image-645\" style=\"width:251px;height:auto\" srcset=\"https:\/\/wonderhome.eu\/wp-content\/uploads\/2022\/09\/logo-grey.png 500w, https:\/\/wonderhome.eu\/wp-content\/uploads\/2022\/09\/logo-grey-300x43.png 300w\" sizes=\"auto, (max-width: 500px) 100vw, 500px\" \/><\/figure>\n<\/div><\/div><\/div>\n\n\n\n<p class=\"has-text-align-center has-medium-font-size\" style=\"letter-spacing:3px;text-transform:uppercase\"><mark style=\"background-color:rgba(0, 0, 0, 0)\" class=\"has-inline-color has-black-color\">Cestovat <\/mark>blog<\/p>\n\n\n\n<p><\/p>\n\n\n<div class=\"wp-block-image\">\n<figure class=\"aligncenter size-large\"><img loading=\"lazy\" decoding=\"async\" width=\"1024\" height=\"323\" src=\"https:\/\/wonderhome.eu\/wp-content\/uploads\/2024\/07\/Kwiat-Zdjecie-Cytat-Wiosna-Facebook-Zdjecie-w-Tle-9-1024x323.jpg\" alt=\"\" class=\"wp-image-2878\" srcset=\"https:\/\/wonderhome.eu\/wp-content\/uploads\/2024\/07\/Kwiat-Zdjecie-Cytat-Wiosna-Facebook-Zdjecie-w-Tle-9-1024x323.jpg 1024w, https:\/\/wonderhome.eu\/wp-content\/uploads\/2024\/07\/Kwiat-Zdjecie-Cytat-Wiosna-Facebook-Zdjecie-w-Tle-9-300x95.jpg 300w, https:\/\/wonderhome.eu\/wp-content\/uploads\/2024\/07\/Kwiat-Zdjecie-Cytat-Wiosna-Facebook-Zdjecie-w-Tle-9-768x242.jpg 768w, https:\/\/wonderhome.eu\/wp-content\/uploads\/2024\/07\/Kwiat-Zdjecie-Cytat-Wiosna-Facebook-Zdjecie-w-Tle-9-1536x484.jpg 1536w, https:\/\/wonderhome.eu\/wp-content\/uploads\/2024\/07\/Kwiat-Zdjecie-Cytat-Wiosna-Facebook-Zdjecie-w-Tle-9.jpg 1934w\" sizes=\"auto, (max-width: 1024px) 100vw, 1024px\" \/><\/figure>\n<\/div>\n\n\n<div class=\"wp-block-columns is-layout-flex wp-container-core-columns-is-layout-9d6595d7 wp-block-columns-is-layout-flex\">\n<div class=\"wp-block-column is-layout-flow wp-block-column-is-layout-flow\" style=\"flex-basis:300px\"><\/div>\n\n\n\n<div class=\"wp-block-column is-layout-flow wp-block-column-is-layout-flow\">\n<div style=\"height:36px\" aria-hidden=\"true\" class=\"wp-block-spacer\"><\/div>\n\n\n\n<p class=\"has-text-align-center has-medium-font-size\">Dovolen\u00e1 v Krkono\u0161\u00edch je nezapomenuteln\u00fdm z\u00e1\u017eitkem pro celou rodinu. Zaj\u00edm\u00e1 v\u00e1s, co vid\u011bt na dovolen\u00e9 v Karpaczi? P\u0159in\u00e1\u0161\u00edme na\u0161e shrnut\u00ed <strong>TOP 17<\/strong> <strong>nejlep\u0161\u00ed atrakce<\/strong>kter\u00e9 se v\u00e1m jist\u011b budou l\u00edbit. Bez ohledu na to, zda pl\u00e1nujete del\u0161\u00ed dovolenou nebo v\u00edkendov\u00fd \u00fat\u011bk \u2013 n\u00e1\u0161 pr\u016fvodce v\u00e1m pom\u016f\u017ee maxim\u00e1ln\u011b vyu\u017e\u00edt \u010das str\u00e1ven\u00fd v t\u00e9to malebn\u00e9 oblasti. <strong>Zveme v\u00e1s ke \u010dten\u00ed!<\/strong><\/p>\n<\/div>\n\n\n\n<div class=\"wp-block-column is-layout-flow wp-block-column-is-layout-flow\" style=\"flex-basis:300px\"><\/div>\n<\/div>\n\n\n\n<div style=\"height:6px\" aria-hidden=\"true\" class=\"wp-block-spacer\"><\/div>\n\n\n\n<p class=\"has-text-align-center\"><\/p>\n\n\n\n<div class=\"wp-block-columns is-layout-flex wp-container-core-columns-is-layout-9d6595d7 wp-block-columns-is-layout-flex\">\n<div class=\"wp-block-column is-layout-flow wp-block-column-is-layout-flow\" style=\"flex-basis:15%\"><\/div>\n\n\n\n<div class=\"wp-block-column is-layout-flow wp-block-column-is-layout-flow\" style=\"flex-basis:50%\">\n<h4 class=\"wp-block-heading\"><strong>Obsah:<\/strong><\/h4>\n\n\n\n<ul class=\"wp-block-list\">\n<li style=\"font-size:17px\"><a href=\"#poznajhistorie\"><strong>historie m\u011bsta<\/strong><\/a><\/li>\n\n\n\n<li style=\"font-size:17px\"><a href=\"#atrakcje\"><strong>TOP 17 atrakc\u00ed v Karpaczi<\/strong><\/a>\n<ul class=\"wp-block-list\">\n<li><a href=\"#wang\">Kostel Wang<\/a><\/li>\n\n\n\n<li><a href=\"#samotnia\">\u00datulek Samotnia<\/a><\/li>\n\n\n\n<li><a href=\"#strzecha\">Akademick\u00e9 do\u0161ky<\/a><\/li>\n\n\n\n<li><a href=\"#dom\">Slezsk\u00fd d\u016fm<\/a><\/li>\n\n\n\n<li><a href=\"#budniki\">Osada Budniki<\/a><\/li>\n\n\n\n<li><a href=\"#st\u00f3\u0142\">Rockov\u00fd st\u016fl<\/a><\/li>\n\n\n\n<li><a href=\"#zapora\">P\u0159ehrada na \u0141omnici<\/a><\/li>\n\n\n\n<li><a href=\"#\u015bnie\u017cka\">sn\u011bhov\u00e1 koule<\/a><\/li>\n\n\n\n<li><a href=\"#zabawek\">Muzeum hra\u010dek<\/a><\/li>\n\n\n\n<li><a href=\"#grawitacyjny\">Gravita\u010dn\u00ed bod<\/a><\/li>\n\n\n\n<li><a href=\"#orlinek\">Skok na ly\u017e\u00edch &quot;Orlinek&quot;<\/a><\/li>\n\n\n\n<li><a href=\"#krucze\">Havran\u00ed sk\u00e1ly<\/a><\/li>\n\n\n\n<li><a href=\"#m\u0142yn\">Ml\u00fdn l\u00e1sky<\/a><\/li>\n\n\n\n<li><a href=\"#sportu\">Muzeum sportu a turistiky<\/a><\/li>\n\n\n\n<li><a href=\"#dziki\">Divok\u00fd vodop\u00e1d<\/a><\/li>\n\n\n\n<li><a href=\"#kolorowa\">Rekrea\u010dn\u00ed a sportovn\u00ed centrum &quot;Kolorowa&quot;<\/a><\/li>\n\n\n\n<li><a href=\"#park\">Informa\u010dn\u00ed centrum Krkono\u0161sk\u00e9ho n\u00e1rodn\u00edho parku<\/a><\/li>\n<\/ul>\n<\/li>\n\n\n\n<li style=\"font-size:17px\"><a href=\"#podsumowanie\"><strong>souhrn<\/strong><\/a><\/li>\n<\/ul>\n\n\n\n<div style=\"height:51px\" aria-hidden=\"true\" class=\"wp-block-spacer\"><\/div>\n\n\n\n<h2 class=\"wp-block-heading has-text-color has-link-color wp-elements-2988d7cde8b1952c14b1c0f0b8f92d04\" id=\"poznajhistorie\" style=\"color:#d7a97d\">Dovolen\u00e1 v Karpaczi? Seznamte se s histori\u00ed m\u011bsta!<\/h2>\n\n\n\n<p><strong>Karpacz, le\u017e\u00edc\u00ed v malebn\u00fdch Krkono\u0161\u00edch, je jedn\u00edm z nejnav\u0161t\u011bvovan\u011bj\u0161\u00edch turistick\u00fdch center v jihoz\u00e1padn\u00edm Polsku.<\/strong> Jeho bohat\u00e1 historie sah\u00e1 a\u017e do 14. stolet\u00ed, kdy zde vznikaly prvn\u00ed osady jako Wilcza Por\u0119ba, Budniki a Bierutowice. V 19. stolet\u00ed se zde rozv\u00edjel turistika a zimn\u00ed sporty a p\u0159ed 2. sv\u011btovou v\u00e1lkou byla Karpacz ji\u017e vyhl\u00e1\u0161en\u00fdm letoviskem s \u017eeleznic\u00ed, bobov\u00fdmi dr\u00e1hami a skokansk\u00fdm m\u016fstkem.<\/p>\n\n\n\n<p>Dne\u0161n\u00ed Karpacz z\u00edskal m\u011bstsk\u00e1 pr\u00e1va v roce 1960. <strong>I p\u0159es odstup \u010dasu m\u011bsto st\u00e1le pot\u011b\u0161\u00ed intimn\u00ed atmosf\u00e9rou horsk\u00e9ho st\u0159ediska.<\/strong><\/p>\n\n\n\n<div style=\"height:36px\" aria-hidden=\"true\" class=\"wp-block-spacer\"><\/div>\n\n\n\n<h2 class=\"wp-block-heading has-text-color has-link-color wp-elements-9caf0ac96b5275c0e1699ad850e259f1\" id=\"atrakcje\" style=\"color:#d7a97d\">TOP 17 nejlep\u0161\u00edch atrakc\u00ed v Karpaczi<\/h2>\n\n\n\n<p>Karpacz l\u00e1k\u00e1 turisty nejen na n\u00e1dhern\u00e9 pam\u00e1tky, ale tak\u00e9 na bohatou gastronomickou, ubytovac\u00ed a z\u00e1bavn\u00ed nab\u00eddku. <strong>Zde jsou nejlep\u0161\u00ed atrakce v Karpaczi, kter\u00e9 stoj\u00ed za to vid\u011bt na dovolen\u00e9:<\/strong><\/p>\n\n\n\n<div style=\"height:36px\" aria-hidden=\"true\" class=\"wp-block-spacer\"><\/div>\n\n\n\n<h3 class=\"wp-block-heading has-text-color has-link-color wp-elements-fa406094e8e469062d16d59efe957292\" id=\"wang\" style=\"color:#d7a97d\">1. Kostel Wang<\/h3>\n\n\n\n<p>P\u0159i toulk\u00e1ch po Karpaczi je t\u011b\u017ek\u00e9 nenarazit na m\u00edsto, kter\u00e9 v\u00e1s doslova p\u0159enese zp\u011bt v \u010dase \u2013 do dob Viking\u016f a tajemn\u00fdch run. <strong>Chr\u00e1m Wang<\/strong>, tak\u00e9 zn\u00e1m\u00fd jako <strong>Horsk\u00fd kostel na\u0161eho Spasitele<\/strong> \u2014 jedna z nejv\u011bt\u0161\u00edch turistick\u00fdch atrakc\u00ed regionu a z\u00e1rove\u0148 jedna z nejcenn\u011bj\u0161\u00edch d\u0159ev\u011bn\u00fdch pam\u00e1tek v Polsku.<\/p>\n\n\n\n<h4 class=\"wp-block-heading\">Skandin\u00e1vsk\u00fd p\u016fvod<\/h4>\n\n\n\n<p>Chr\u00e1m nebyl postaven v Polsku. Jeho historie sah\u00e1 a\u017e do <strong>Norsko<\/strong>, nebo p\u0159esn\u011bji \u0159e\u010deno, okouzluj\u00edc\u00ed m\u011bsto <strong>Vang<\/strong>, nach\u00e1zej\u00edc\u00ed se u stejnojmenn\u00e9ho jezera. Byl postaven z masivn\u00edch borovicov\u00fdch kmen\u016f <strong>na p\u0159elomu 12. a 13. stolet\u00ed<\/strong>, co\u017e z n\u011bj \u010din\u00ed jeden z nejstar\u0161\u00edch p\u0159\u00edklad\u016f d\u0159ev\u011bn\u00e9 n\u00e1bo\u017eensk\u00e9 architektury z vikingsk\u00e9 \u00e9ry.<\/p>\n\n\n\n<p>V 19. stolet\u00ed byl rozebr\u00e1n, p\u0159evezen p\u0159es polovinu Evropy a \u2013 d\u00edky iniciativ\u011b prusk\u00e9ho kr\u00e1le \u2013 <strong>odjela do Karpacze<\/strong>, kde v <strong>V roce 1842 byl znovu sestaven<\/strong>Od t\u00e9 doby slou\u017e\u00ed m\u00edstn\u00ed evangelick\u00e9 komunit\u011b a t\u011b\u0161\u00ed generace turist\u016f.<\/p>\n\n\n\n<h4 class=\"wp-block-heading\">Unik\u00e1tn\u00ed architektura a symbolika<\/h4>\n\n\n\n<p>Co okam\u017eit\u011b upout\u00e1 va\u0161i pozornost, je <strong>unik\u00e1tn\u00ed architektura<\/strong> \u2014 mohutn\u00e1 stavba bez pou\u017eit\u00ed h\u0159eb\u00edk\u016f, bohat\u011b zdoben\u00fd d\u0159ev\u011bn\u00fd olt\u00e1\u0159 a \u010detn\u00e9 sochy, kter\u00e9 dod\u00e1vaj\u00ed interi\u00e9ru jedine\u010dnou atmosf\u00e9ru. Figuriny si m\u016f\u017eete prohl\u00e9dnout zde <strong>lvi, draci a dokonce i obr\u00e1zky Viking\u016f<\/strong>, vy\u0159ez\u00e1van\u00e9 s mimo\u0159\u00e1dnou pozornost\u00ed k detailu.<\/p>\n\n\n\n<p>Na zdech jsou tak\u00e9 zachov\u00e1ny <strong>Skandin\u00e1vsk\u00e9 runy<\/strong> \u2013 starov\u011bk\u00e9 p\u00edsmo, kter\u00e9 v seversk\u00e9 kultu\u0159e slou\u017eilo jak u\u017eitkov\u00e9mu, tak dekorativn\u00edmu \u00fa\u010delu. Tyto tajemn\u00e9 symboly jen dod\u00e1vaj\u00ed m\u00edstu mystick\u00fd charakter.<\/p>\n\n\n\n<h4 class=\"wp-block-heading\">Malebn\u00e1 lokalita<\/h4>\n\n\n\n<p>Chr\u00e1m Wang nen\u00ed jen histori\u00ed a um\u011bn\u00edm, ale tak\u00e9 <strong>dechberouc\u00ed okol\u00ed<\/strong>Nach\u00e1z\u00ed se na svahu <strong>Czarna G\u00f3ra (885 m nad mo\u0159em)<\/strong>, na p\u016fli cesty z doln\u00ed Karpacze do Sn\u011b\u017eky, nab\u00edz\u00ed \u00fa\u017easn\u00e9 v\u00fdhledy na Krkono\u0161e. <\/p>\n\n\n\n<p><strong>Ceny vstupn\u00e9ho:<\/strong><\/p>\n\n\n\n<ul class=\"wp-block-list\">\n<li>B\u011b\u017en\u00e1 vstupenka \u2013 13,00 PLN<\/li>\n\n\n\n<li>Zlevn\u011bn\u00e1 vstupenka (d\u011bti a studenti) \u2013 7,00 PLN<\/li>\n\n\n\n<li>Fotografov\u00e1n\u00ed a nat\u00e1\u010den\u00ed vide\u00ed \u2013 5,00 PLN<\/li>\n\n\n\n<li>Vstup pouze na n\u00e1m\u011bst\u00ed u kostela (dosp\u011bl\u00ed a d\u011bti) \u2013 2,00 PLN.<\/li>\n<\/ul>\n\n\n\n<p><strong>Otev\u00edrac\u00ed doba:<\/strong>&nbsp;<\/p>\n\n\n\n<ul class=\"wp-block-list\">\n<li>B\u011bhem letn\u00ed sez\u00f3ny: (15\/04 - 31\/10), ka\u017ed\u00fd den od 9:00 a\u017e 18:00<\/li>\n\n\n\n<li>B\u011bhem zimn\u00ed sez\u00f3ny: (1. listopadu - 14. dubna), ka\u017ed\u00fd den od hod 9:00 a\u017e 17:00.<\/li>\n<\/ul>\n\n\n\n<p>V ned\u011bli a v\u011bt\u0161inu sv\u00e1tk\u016f se bohoslu\u017eby konaj\u00ed v 10:00. Prohl\u00eddka kostela je pot\u00e9 mo\u017en\u00e1 11:30.<\/p>\n\n\n\n<p><strong>Poplatek za n\u00e1v\u0161t\u011bvu kostela Wang lze uhradit kartou VISA, MASTERCARD nebo v hotovosti na pokladn\u011b v den n\u00e1v\u0161t\u011bvy.<\/strong><\/p>\n<\/div>\n\n\n\n<div class=\"wp-block-column is-layout-flow wp-block-column-is-layout-flow\" style=\"flex-basis:25%\">\n<div class=\"wp-block-group is-nowrap is-layout-flex wp-container-core-group-is-layout-ad2f72ca wp-block-group-is-layout-flex\">\n<div style=\"height:100px;width:0px\" aria-hidden=\"true\" class=\"wp-block-spacer wp-container-content-6388d5dc\"><\/div>\n<\/div>\n\n\n\n<figure class=\"wp-block-image size-large\"><img loading=\"lazy\" decoding=\"async\" width=\"768\" height=\"1024\" src=\"https:\/\/wonderhome.eu\/wp-content\/uploads\/2024\/06\/city-5286706_1280-768x1024.jpg\" alt=\"Mg\u0142a unosz\u0105ca si\u0119 nad ulicami Karpacza\" class=\"wp-image-2786\" srcset=\"https:\/\/wonderhome.eu\/wp-content\/uploads\/2024\/06\/city-5286706_1280-768x1024.jpg 768w, https:\/\/wonderhome.eu\/wp-content\/uploads\/2024\/06\/city-5286706_1280-225x300.jpg 225w, https:\/\/wonderhome.eu\/wp-content\/uploads\/2024\/06\/city-5286706_1280.jpg 960w\" sizes=\"auto, (max-width: 768px) 100vw, 768px\" \/><\/figure>\n\n\n\n<div style=\"height:100px\" aria-hidden=\"true\" class=\"wp-block-spacer\"><\/div>\n\n\n<div class=\"wp-block-image\">\n<figure class=\"alignright size-large\"><img loading=\"lazy\" decoding=\"async\" width=\"686\" height=\"1024\" src=\"https:\/\/wonderhome.eu\/wp-content\/uploads\/2024\/06\/karpacz-2957130_1280-686x1024.jpg\" alt=\"Tablice informacyjne na szlakach w Karpaczu\" class=\"wp-image-2788\" srcset=\"https:\/\/wonderhome.eu\/wp-content\/uploads\/2024\/06\/karpacz-2957130_1280-686x1024.jpg 686w, https:\/\/wonderhome.eu\/wp-content\/uploads\/2024\/06\/karpacz-2957130_1280-201x300.jpg 201w, https:\/\/wonderhome.eu\/wp-content\/uploads\/2024\/06\/karpacz-2957130_1280-768x1147.jpg 768w, https:\/\/wonderhome.eu\/wp-content\/uploads\/2024\/06\/karpacz-2957130_1280.jpg 857w\" sizes=\"auto, (max-width: 686px) 100vw, 686px\" \/><figcaption class=\"wp-element-caption\"> <\/figcaption><\/figure>\n<\/div><\/div>\n\n\n\n<div class=\"wp-block-column is-layout-flow wp-block-column-is-layout-flow\" style=\"flex-basis:25%\"><\/div>\n<\/div>\n\n\n\n<p><\/p>\n\n\n<div class=\"wp-block-image\">\n<figure class=\"aligncenter size-large\"><img loading=\"lazy\" decoding=\"async\" width=\"1024\" height=\"678\" src=\"https:\/\/wonderhome.eu\/wp-content\/uploads\/2024\/06\/poland-3698187_1280-1024x678.jpg\" alt=\"Ko\u015bci\u00f3\u0142 Wang w Karpaczu\" class=\"wp-image-2798\" srcset=\"https:\/\/wonderhome.eu\/wp-content\/uploads\/2024\/06\/poland-3698187_1280-1024x678.jpg 1024w, https:\/\/wonderhome.eu\/wp-content\/uploads\/2024\/06\/poland-3698187_1280-300x199.jpg 300w, https:\/\/wonderhome.eu\/wp-content\/uploads\/2024\/06\/poland-3698187_1280-768x509.jpg 768w, https:\/\/wonderhome.eu\/wp-content\/uploads\/2024\/06\/poland-3698187_1280.jpg 1280w\" sizes=\"auto, (max-width: 1024px) 100vw, 1024px\" \/><figcaption class=\"wp-element-caption\">Kostel Wang v Karpaczi<\/figcaption><\/figure>\n<\/div>\n\n\n<p><\/p>\n\n\n\n<p class=\"has-text-align-center\"><\/p>\n\n\n\n<div class=\"wp-block-columns is-layout-flex wp-container-core-columns-is-layout-9d6595d7 wp-block-columns-is-layout-flex\">\n<div class=\"wp-block-column is-layout-flow wp-block-column-is-layout-flow\" style=\"flex-basis:15%\"><\/div>\n\n\n\n<div class=\"wp-block-column is-layout-flow wp-block-column-is-layout-flow\" style=\"flex-basis:50%\">\n<h3 class=\"wp-block-heading has-text-color has-link-color wp-elements-bb7e1f29d66b6fc916e632a36be5ec43\" id=\"samotnia\" style=\"color:#d7a97d\">2. \u00datulek Samotnia<\/h3>\n\n\n\n<p>Pokud hled\u00e1te m\u00edsto v Krkono\u0161\u00edch, kter\u00e9 spojuje historii, klid a naprosto \u00fa\u017easn\u00e9 v\u00fdhledy, mus\u00edte ho nav\u0161t\u00edvit. <strong>PTTK \u00datulek Samotnia<\/strong>Toto je jeden z nejstar\u0161\u00edch a nejatmosf\u00e9ri\u010dt\u011bj\u0161\u00edch horsk\u00fdch \u00fatulk\u016f v Polsku, kter\u00fd se nach\u00e1z\u00ed v nadmo\u0159sk\u00e9 v\u00fd\u0161ce <strong>1195 m nad mo\u0159em<\/strong>, p\u0159\u00edmo u Mal\u00e9ho rybn\u00edka, v srdci <strong>Krkono\u0161sk\u00fd n\u00e1rodn\u00ed park<\/strong>.<\/p>\n\n\n\n<h4 class=\"wp-block-heading\">Z past\u00fd\u0159sk\u00e9 chatr\u010de k kultovn\u00edmu p\u0159\u00edst\u0159e\u0161ku<\/h4>\n\n\n\n<p>Historie Samotnie sah\u00e1 a\u017e do dob, kdy byly cel\u00e9 Krkono\u0161e poset\u00e9 past\u00fd\u0159sk\u00fdmi chatr\u010demi \u2013 bylo jich asi <strong>2,5 tis\u00edce<\/strong>! Dne\u0161n\u00ed \u00fatulek byl postaven na z\u00e1klad\u011b jednoho z nich. V pr\u016fb\u011bhu let byl objekt roz\u0161\u00ed\u0159en a dnes t\u011b\u0161\u00ed. <strong>d\u0159ev\u011bn\u00e1 fas\u00e1da<\/strong>, <strong>rustik\u00e1ln\u00ed interi\u00e9rov\u00e1 atmosf\u00e9ra<\/strong> a architekturu, kter\u00e1 dokonale zapad\u00e1 do krkono\u0161sk\u00e9 krajiny.<\/p>\n\n\n\n<p>Jedn\u00edm z nejzn\u00e1m\u011bj\u0161\u00edch prvk\u016f Samotnie je <strong>d\u0159ev\u011bn\u00e1 v\u011b\u017ei\u010dka se zvonem<\/strong> \u2013 kdysi slou\u017eil k hl\u00e1\u0161en\u00ed horsk\u00fdch poplach\u016f. Je to skute\u010dn\u00e1 dominanta tohoto m\u00edsta.<\/p>\n\n\n\n<h4 class=\"wp-block-heading\">Jak se dostat do Samoty?<\/h4>\n\n\n\n<p>Do \u00fatulku maj\u00ed p\u0159\u00edstup mimo jin\u00e9: <strong>\u017elut\u00e1 a modr\u00e1 trasa z Karpacze<\/strong>Trasa je velmi malebn\u00e1 a ne p\u0159\u00edli\u0161 n\u00e1ro\u010dn\u00e1 \u2013 ide\u00e1ln\u00ed pro jednodenn\u00ed v\u00fdlet, a to i s d\u011btmi nebo psem. Cestou stoj\u00ed za to se zastavit u chr\u00e1mu Wang \u2013 ide\u00e1ln\u00ed zast\u00e1vka p\u0159ed pokra\u010dov\u00e1n\u00edm v t\u00fa\u0159e.<\/p>\n\n\n\n<p><strong>Ceny ubytov\u00e1n\u00ed:<\/strong> Cena ubytov\u00e1n\u00ed v \u00fatulku je p\u0159ibli\u017en\u011b 100 PLN na osobu - v z\u00e1vislosti na standardu pokoje. V t\u00e9to v\u011bci je nejlep\u0161\u00ed kontaktovat p\u0159\u00edmo za\u0159\u00edzen\u00ed.<\/p>\n\n\n\n<p><strong>Otev\u00edrac\u00ed doba:<\/strong> \u00datulek je otev\u0159en celoro\u010dn\u011b.<\/p>\n\n\n\n<div style=\"height:36px\" aria-hidden=\"true\" class=\"wp-block-spacer\"><\/div>\n\n\n\n<h3 class=\"wp-block-heading has-text-color has-link-color wp-elements-127c3e45720c7006ae30a85e890157bd\" id=\"strzecha\" style=\"color:#d7a97d\">3. Akademick\u00e9 do\u0161ky<\/h3>\n\n\n\n<p>Nach\u00e1z\u00ed se ve v\u00fd\u0161ce <strong>1258 m nad mo\u0159em<\/strong>, na malebn\u00e9, bezles\u00e9 m\u00fdtin\u011b <strong>Jeden zlot\u00fd<\/strong>, <strong>Akademick\u00e9 do\u0161ky<\/strong> Toto je druh\u00e1 nejv\u011bt\u0161\u00ed horsk\u00e1 chata v polsk\u00fdch Krkono\u0161\u00edch. D\u00edky sv\u00e9 jedine\u010dn\u00e9 poloze \u2013 hned vedle hlavn\u00ed k\u0159i\u017eovatky turistick\u00fdch stezek, zimn\u00edch tras a ly\u017ea\u0159sk\u00e9ho vleku \u2013 je ide\u00e1ln\u00edm m\u00edstem pro turisty i ly\u017ea\u0159e.<\/p>\n\n\n\n<h4 class=\"wp-block-heading\">Akademick\u00fd rodokmen<\/h4>\n\n\n\n<p>Za\u0159\u00edzen\u00ed z\u00edskalo sv\u00e9 jm\u00e9no kr\u00e1tce po druh\u00e9 sv\u011btov\u00e9 v\u00e1lce, kdy jej z\u00edskali studenti krakovsk\u00fdch univerzit. Od t\u00e9 doby <strong>Akademick\u00e9 do\u0161ky<\/strong> Spojuje v sob\u011b ducha ml\u00e1d\u00ed, horsk\u00e9ho dobrodru\u017estv\u00ed a pohostinnosti. Je to perfektn\u00ed zast\u00e1vka na horsk\u00e9 t\u00fa\u0159e \u2013 s atmosf\u00e9rou, histori\u00ed a v\u00fdhledy, kter\u00e9 v\u00e1m z\u016fstanou v pam\u011bti na dlouhou dobu.<\/p>\n\n\n\n<p><strong>Ceny ubytov\u00e1n\u00ed:<\/strong> Ceny se pohybuj\u00ed od 80 do 130 PLN na osobu. V t\u00e9to v\u011bci je nejlep\u0161\u00ed kontaktovat p\u0159\u00edmo za\u0159\u00edzen\u00ed.<\/p>\n\n\n\n<p><strong>Otev\u00edrac\u00ed doba:<\/strong> \u00datulek je otev\u0159en celoro\u010dn\u011b.<\/p>\n\n\n\n<div style=\"height:36px\" aria-hidden=\"true\" class=\"wp-block-spacer\"><\/div>\n\n\n\n<hr class=\"wp-block-separator has-alpha-channel-opacity\"\/>\n\n\n\n<div style=\"height:36px\" aria-hidden=\"true\" class=\"wp-block-spacer\"><\/div>\n\n\n\n<p class=\"has-medium-font-size\"><strong>Byt s krbem, saunou nebo v\u00fdhledem na Krkono\u0161e? Nechte se inspirovat a vyberte si byt Wonder Home, kter\u00fd dokonale vyhovuje va\u0161im pot\u0159eb\u00e1m:<\/strong><\/p>\n\n\n\n<div class=\"wp-block-buttons is-horizontal is-content-justification-center is-layout-flex wp-container-core-buttons-is-layout-f7fed8db wp-block-buttons-is-layout-flex\" style=\"padding-top:var(--wp--preset--spacing--20);padding-right:var(--wp--preset--spacing--20);padding-bottom:var(--wp--preset--spacing--20);padding-left:var(--wp--preset--spacing--20)\">\n<div class=\"wp-block-button is-style-primary is-style-outline is-style-outline--1\"><a class=\"wp-block-button__link has-white-color has-text-color has-background has-link-color wp-element-button\" href=\"https:\/\/wonderhome.eu\/cz\/apartament\/1004\/3087\/\" style=\"border-radius:22px;background-color:#d7a97d\" target=\"_blank\" rel=\"noreferrer noopener\"><strong>Chata v B\u00edl\u00e9m dom\u011b<\/strong><\/a><\/div>\n\n\n\n<div class=\"wp-block-button is-style-primary is-style-outline is-style-outline--2\"><a class=\"wp-block-button__link has-white-color has-text-color has-background has-link-color wp-element-button\" href=\"https:\/\/wonderhome.eu\/cz\/apartament\/1591\/23959\/\" style=\"border-radius:22px;background-color:#d7a97d\" target=\"_blank\" rel=\"noreferrer noopener\"><strong>Smysln\u00fd luxusn\u00ed apartm\u00e1n<\/strong><\/a><\/div>\n\n\n\n<div class=\"wp-block-button is-style-primary is-style-outline is-style-outline--3\"><a class=\"wp-block-button__link has-white-color has-text-color has-background has-link-color wp-element-button\" href=\"https:\/\/wonderhome.eu\/cz\/apartament\/1591\/18629\/\" style=\"border-radius:22px;background-color:#d7a97d\" target=\"_blank\" rel=\"noreferrer noopener\"><strong>Chata Macadamia<\/strong><\/a><\/div>\n<\/div>\n\n\n\n<div style=\"height:36px\" aria-hidden=\"true\" class=\"wp-block-spacer\"><\/div>\n\n\n\n<hr class=\"wp-block-separator has-alpha-channel-opacity\"\/>\n\n\n\n<div style=\"height:36px\" aria-hidden=\"true\" class=\"wp-block-spacer\"><\/div>\n\n\n\n<h3 class=\"wp-block-heading has-text-color has-link-color wp-elements-cd2b515b2f138c9df53ded2d05f38b2b\" id=\"dom\" style=\"color:#d7a97d\">4. Slezsk\u00fd d\u016fm<\/h3>\n\n\n\n<p>Nach\u00e1z\u00ed se ve v\u00fd\u0161ce <strong>1400 m nad mo\u0159em<\/strong>, hned vedle hranic s \u010ceskou republikou a t\u00e9m\u011b\u0159 na \u00fapat\u00ed <strong>Sn\u011bhurka<\/strong>, <strong>Slezsk\u00fd d\u016fm<\/strong> Toto je jeden z nejzn\u00e1m\u011bj\u0161\u00edch orienta\u010dn\u00edch bod\u016f na map\u011b krkono\u0161sk\u00fdch stezek. Jeho jedine\u010dn\u00e1 poloha na k\u0159i\u017eovatce hlavn\u00edch turistick\u00fdch tras znamen\u00e1, \u017ee se zde zastavuj\u00ed t\u00e9m\u011b\u0159 v\u0161ichni turist\u00e9 m\u00ed\u0159\u00edc\u00ed na nejvy\u0161\u0161\u00ed vrchol Sudet.<\/p>\n\n\n\n<h4 class=\"wp-block-heading\">\u00dakryt bl\u00edzko nebe<\/h4>\n\n\n\n<p>Budova je dvoupatrov\u00e1, kompletn\u011b zrekonstruovan\u00e1 a nab\u00edz\u00ed <strong>pohodln\u00e9, vy\u0161\u0161\u00ed standard<\/strong>Slezsk\u00fd d\u016fm je ide\u00e1ln\u00ed zast\u00e1vkou, a\u0165 u\u017e pro kr\u00e1tkou p\u0159est\u00e1vku na trase nebo pro p\u0159enocov\u00e1n\u00ed s v\u00fdhledem na hory. <\/p>\n\n\n\n<p><strong>Ceny ubytov\u00e1n\u00ed:<\/strong> N\u00e1klady na ubytov\u00e1n\u00ed se pohybuj\u00ed od 50 do 100 PLN na osobu. V t\u00e9to v\u011bci je nejlep\u0161\u00ed kontaktovat p\u0159\u00edmo za\u0159\u00edzen\u00ed.<\/p>\n\n\n\n<p><strong>Otev\u00edrac\u00ed doba:<\/strong> \u00datulek je otev\u0159en celoro\u010dn\u011b.<\/p>\n<\/div>\n\n\n\n<div class=\"wp-block-column is-layout-flow wp-block-column-is-layout-flow\" style=\"flex-basis:25%\">\n<figure class=\"wp-block-image size-large\"><img loading=\"lazy\" decoding=\"async\" width=\"683\" height=\"1024\" src=\"https:\/\/wonderhome.eu\/wp-content\/uploads\/2024\/06\/pexels-mateusz-mierzejewski-622168159-17379253-683x1024.jpg\" alt=\"Szcz\u0119\u015bliwy cz\u0142owiek stoi na szczycie g\u00f3ry\" class=\"wp-image-2792\" srcset=\"https:\/\/wonderhome.eu\/wp-content\/uploads\/2024\/06\/pexels-mateusz-mierzejewski-622168159-17379253-683x1024.jpg 683w, https:\/\/wonderhome.eu\/wp-content\/uploads\/2024\/06\/pexels-mateusz-mierzejewski-622168159-17379253-200x300.jpg 200w, https:\/\/wonderhome.eu\/wp-content\/uploads\/2024\/06\/pexels-mateusz-mierzejewski-622168159-17379253-768x1152.jpg 768w, https:\/\/wonderhome.eu\/wp-content\/uploads\/2024\/06\/pexels-mateusz-mierzejewski-622168159-17379253-1024x1536.jpg 1024w, https:\/\/wonderhome.eu\/wp-content\/uploads\/2024\/06\/pexels-mateusz-mierzejewski-622168159-17379253-1365x2048.jpg 1365w, https:\/\/wonderhome.eu\/wp-content\/uploads\/2024\/06\/pexels-mateusz-mierzejewski-622168159-17379253-scaled.jpg 720w\" sizes=\"auto, (max-width: 683px) 100vw, 683px\" \/><\/figure>\n<\/div>\n\n\n\n<div class=\"wp-block-column is-layout-flow wp-block-column-is-layout-flow\" style=\"flex-basis:25%\"><\/div>\n<\/div>\n\n\n\n<h3 class=\"wp-block-heading\"><\/h3>\n\n\n<div class=\"wp-block-image\">\n<figure class=\"aligncenter size-large\"><img loading=\"lazy\" decoding=\"async\" width=\"1024\" height=\"681\" src=\"https:\/\/wonderhome.eu\/wp-content\/uploads\/2024\/07\/house-3234801_1280-1024x681.jpg\" alt=\"Dom \u015al\u0105ski zim\u0105\" class=\"wp-image-2803\" srcset=\"https:\/\/wonderhome.eu\/wp-content\/uploads\/2024\/07\/house-3234801_1280-1024x681.jpg 1024w, https:\/\/wonderhome.eu\/wp-content\/uploads\/2024\/07\/house-3234801_1280-300x199.jpg 300w, https:\/\/wonderhome.eu\/wp-content\/uploads\/2024\/07\/house-3234801_1280-768x511.jpg 768w, https:\/\/wonderhome.eu\/wp-content\/uploads\/2024\/07\/house-3234801_1280.jpg 1280w\" sizes=\"auto, (max-width: 1024px) 100vw, 1024px\" \/><figcaption class=\"wp-element-caption\">Slezsk\u00fd d\u016fm ve sv\u00e9 zimn\u00ed verzi<\/figcaption><\/figure>\n<\/div>\n\n\n<p class=\"has-text-align-center\"><\/p>\n\n\n\n<div class=\"wp-block-columns is-layout-flex wp-container-core-columns-is-layout-9d6595d7 wp-block-columns-is-layout-flex\">\n<div class=\"wp-block-column is-layout-flow wp-block-column-is-layout-flow\" style=\"flex-basis:15%\"><\/div>\n\n\n\n<div class=\"wp-block-column is-layout-flow wp-block-column-is-layout-flow\" style=\"flex-basis:50%\">\n<h3 class=\"wp-block-heading has-text-color has-link-color wp-elements-82dde97803eaf3260e07ff24fcf3b0da\" id=\"budniki\" style=\"color:#d7a97d\">5. Osada Budniki<\/h3>\n\n\n\n<p>Na severn\u00edch svaz\u00edch Kowarsk\u00e9ho h\u0159ebene, v nadmo\u0159sk\u00e9 v\u00fd\u0161ce p\u0159ibli\u017en\u011b 900 metr\u016f, le\u017e\u00ed unik\u00e1tn\u00ed m\u00edsto \u2013 b\u00fdval\u00e1 osada Budniki. A\u010dkoli se ji\u017e na map\u00e1ch neobjevuje, st\u00e1le l\u00e1k\u00e1 milovn\u00edky horsk\u00fdch tajemstv\u00ed a p\u0159\u00edb\u011bh\u016f s n\u00e1dechem zapomn\u011bn\u00ed.<\/p>\n\n\n\n<h4 class=\"wp-block-heading\">\u00dakryt v hor\u00e1ch<\/h4>\n\n\n\n<p>Budniki byly zalo\u017eeny b\u011bhem t\u0159icetilet\u00e9 v\u00e1lky, kdy civilist\u00e9 prchali p\u0159ed v\u00e1le\u010dn\u00fdm chaosem vysoko do hor, aby se vyhnuli. Z t\u011bchto do\u010dasn\u00fdch p\u0159\u00edst\u0159e\u0161k\u016f se nakonec vyvinula osada o zhruba tuctu dom\u016f. Obyvatel\u00e9 se \u017eivili chovem dobytka, v\u00fdrobou s\u00fdr\u016f a n\u011bkdy i pa\u0161ov\u00e1n\u00edm. \u0160\u0148upav\u00fd tab\u00e1k a tab\u00e1k pa\u0161ovan\u00e9 p\u0159es hory zanechaly odkaz \u2013 \u201e\u0160\u0148upac\u00ed stezku\u201c, kter\u00e1 dodnes l\u00e1k\u00e1 turisty. Po v\u00e1lce se Budniki staly studentskou z\u00e1kladnou a s\u00eddlilo zde rekrea\u010dn\u00ed st\u0159edisko \u201eBratnia Pomoc\u201c. To ale nen\u00ed konec tohoto pozoruhodn\u00e9ho p\u0159\u00edb\u011bhu.<\/p>\n\n\n\n<h4 class=\"wp-block-heading\">Osada bez slunce<\/h4>\n\n\n\n<p>Budniki byly jedine\u010dn\u00e9 i z jin\u00e9ho d\u016fvodu: po 113 dn\u00ed v roce (od 26. listopadu do 15. \u00fanora) se na n\u011b slunce v\u016fbec nedostalo. Horsk\u00e9 svahy vrhaly st\u00edny a pono\u0159ovaly osadu do polo\u0161era. Obyvatel\u00e9 to symbolicky oslavovali: na podzim se se sluncem lou\u010dili a v \u00fanoru ho v\u00edtali zp\u011bt bujar\u00fdm j\u00e1sotem. <\/p>\n\n\n\n<h4 class=\"wp-block-heading\">Uran a zmizen\u00ed<\/h4>\n\n\n\n<p>Po roce 1950 byl v oblasti zah\u00e1jen pr\u016fzkum uranov\u00e9 rudy a Budniki se za\u010daly vylid\u0148ovat. Nakonec byly zcela opu\u0161t\u011bny a zmizely z ofici\u00e1ln\u00edch map. Z\u016fstala z nich jen legenda a stezky mezi stromy.<\/p>\n\n\n\n<p><strong>Budniki jsou dnes zast\u00e1vkou na trase prodchnut\u00e9 horskou atmosf\u00e9rou, klidem a histori\u00ed. Pokud m\u00e1te r\u00e1di m\u00edsta s du\u0161\u00ed, stoj\u00ed za to je vyhledat.<\/strong><\/p>\n\n\n\n<p><strong>Ceny vstupn\u00e9ho:<\/strong> Voln\u00fd, uvolnit<\/p>\n\n\n\n<div style=\"height:36px\" aria-hidden=\"true\" class=\"wp-block-spacer\"><\/div>\n\n\n\n<h3 class=\"wp-block-heading has-text-color has-link-color wp-elements-72dd503d0afdc635fb05242ad51954c2\" id=\"st\u00f3\u0142\" style=\"color:#d7a97d\">6. Skaln\u00ed st\u016fl \u2013 vyhl\u00eddka<\/h3>\n\n\n\n<p>Pokud hled\u00e1te m\u00edsto v Krkono\u0161\u00edch, kter\u00e9 spojuje syrovou kr\u00e1su p\u0159\u00edrody s panoramatick\u00fdmi v\u00fdhledy \u2013 <strong>Skaln\u00ed st\u016fl spln\u00ed v\u0161echna o\u010dek\u00e1v\u00e1n\u00ed. <\/strong>Je to nejvy\u0161\u0161\u00ed vrchol Kowarsk\u00e9ho poho\u0159\u00ed, ty\u010d\u00edc\u00ed se do v\u00fd\u0161ky 1 281 m nad mo\u0159em, s charakteristick\u00fdm, ploch\u00fdm h\u0159ebenem, kter\u00fd skute\u010dn\u011b p\u0159ipom\u00edn\u00e1 kamenn\u00e9 stoly.<\/p>\n\n\n\n<h4 class=\"wp-block-heading\">V\u00fdhledy jako z pohlednice<\/h4>\n\n\n\n<p>Z jeho vrcholu je v\u00fdhled<strong> jeden z nejkr\u00e1sn\u011bj\u0161\u00edch v\u00fdhled\u016f v t\u00e9to \u010d\u00e1sti Sudet: <\/strong><\/p>\n\n\n\n<ul class=\"wp-block-list\">\n<li>do v\u00fdchodn\u00edch Krkono\u0161, <\/li>\n\n\n\n<li>Jelenohorsk\u00e9 \u00fadol\u00ed, <\/li>\n\n\n\n<li>Rudawy Janowickie,<\/li>\n\n\n\n<li>Kaczawsk\u00e9 hory. <\/li>\n<\/ul>\n\n\n\n<p>Je to opravdov\u00e1 lah\u016fdka pro fotografy, milovn\u00edky vesm\u00edru a ty, kte\u0159\u00ed r\u00e1di relaxuj\u00ed \u201ena okraji horizontu\u201c.<\/p>\n\n\n\n<h4 class=\"wp-block-heading\">P\u0159\u00edroda na obou stran\u00e1ch hranice<\/h4>\n\n\n\n<p>Skaln\u00ed st\u016fl (Skaln\u00ed st\u016fl) le\u017e\u00ed na hranici polsk\u00e9ho a \u010desk\u00e9ho Krkono\u0161sk\u00e9ho n\u00e1rodn\u00edho parku. P\u0159i proch\u00e1zce tudy m\u016f\u017eete za\u017e\u00edt jedine\u010dnou atmosf\u00e9ru pohrani\u010d\u00ed, doslova i obrazn\u011b. Je to m\u00edsto, kde se snoub\u00ed stezky, jazyky a p\u0159edev\u0161\u00edm v\u00fdhledy, kter\u00e9 stoj\u00ed za ka\u017edou minutu v\u00fdstupu.<\/p>\n\n\n\n<h4 class=\"wp-block-heading\">Jak se tam dostat?<\/h4>\n\n\n\n<p>\u27a4 Modr\u00e1 zna\u010dka z Prze\u0142\u0119cz Sowia do Prze\u0142\u0119cz Okraj<br>\u27a4 \u017dlut\u00e1 zna\u010dka do Kowar p\u0159es Budniki<\/p>\n\n\n\n<p><strong>Ceny vstupn\u00e9ho: <\/strong>Voln\u00fd, uvolnit<\/p>\n\n\n\n<div style=\"height:36px\" aria-hidden=\"true\" class=\"wp-block-spacer\"><\/div>\n\n\n\n<h3 class=\"wp-block-heading has-text-color has-link-color wp-elements-2b3eaf0f7b7b4efb1fbf6e84006e969f\" id=\"zapora\" style=\"color:#d7a97d\">7. P\u0159ehrada na \u0159ece \u0141omnica<\/h3>\n\n\n\n<p>V srdci Karpacze se nach\u00e1z\u00ed m\u00edsto, kter\u00e9 spojuje historii in\u017een\u00fdrstv\u00ed s kouzlem krkono\u0161sk\u00e9 p\u0159\u00edrody. <strong>To je p\u0159ehrada na \u0159ece \u0141omnica \u2013 d\u016fle\u017eit\u00fd bod na map\u011b m\u011bsta a z\u00e1rove\u0148 tich\u00e1 hrdinka mnoha p\u0159\u00edb\u011bh\u016f o povodn\u00edch.<\/strong><\/p>\n\n\n\n<h4 class=\"wp-block-heading\">Potopa, kter\u00e1 zm\u011bnila v\u0161echno<\/h4>\n\n\n\n<p>Stavba p\u0159ehrady za\u010dala po tragick\u00e9m lij\u00e1ku v roce 1897, kter\u00fd zp\u016fsobil v cel\u00e9m regionu masivn\u00ed zk\u00e1zu. Mezi lety 1910 a 1915 byla z masivn\u00edch \u017eulov\u00fdch blok\u016f postavena konstrukce, kter\u00e1 m\u011bla zkrotit vrto\u0161ivou \u0159eku \u0141omnicu. A poda\u0159ilo se j\u00ed to \u2013 <strong>P\u0159ehrada dodnes \u00fa\u010dinn\u011b reguluje pr\u016ftok vody<\/strong>, chr\u00e1n\u00edc\u00ed Karpacz p\u0159ed dal\u0161\u00edmi katastrofami.<\/p>\n\n\n\n<h4 class=\"wp-block-heading\">Dnes: m\u00edsto na proch\u00e1zku a focen\u00ed<\/h4>\n\n\n\n<p>A\u010dkoli jeho hlavn\u00edm \u00fa\u010delem byla ochrana m\u011bsta, <strong>Dnes je p\u0159ehrada tak\u00e9 obl\u00edben\u00fdm m\u00edstem pro rodinn\u00e9 proch\u00e1zky<\/strong>Cesta pod\u00e9l \u00fadol\u00ed \u0159eky je neuv\u011b\u0159iteln\u011b malebn\u00e1 a mohutn\u00e1 \u017eulov\u00e1 stavba ohrom\u00ed d\u011bti i dosp\u011bl\u00e9.<\/p>\n\n\n\n<p><strong>Ceny vstupn\u00e9ho:<\/strong> Voln\u00fd, uvolnit<\/p>\n\n\n\n<div style=\"height:36px\" aria-hidden=\"true\" class=\"wp-block-spacer\"><\/div>\n\n\n\n<h3 class=\"wp-block-heading has-text-color has-link-color wp-elements-58178f2a7823db10242c8a7c78a8b6e7\" id=\"\u015bnie\u017cka\" style=\"color:#d7a97d\">8. \u015anie\u017cka - kr\u00e1lovna Krkono\u0161<\/h3>\n\n\n\n<p><strong>Pokud jste v Karpaczi, v\u00fdstup na Sn\u011b\u017eku je nutnost\u00ed.<\/strong> Tento nejvy\u0161\u0161\u00ed vrchol Krkono\u0161 a cel\u00fdch Sudet (1603 m n. m.) je nejen impozantn\u00ed svou v\u00fd\u0161kou \u2013 <strong>je symbol, kter\u00fd po stalet\u00ed p\u0159itahuje cestovatele z cel\u00e9 Evropy.<\/strong><\/p>\n\n\n\n<h4 class=\"wp-block-heading\">Syrov\u00e9 a majest\u00e1tn\u00ed<\/h4>\n\n\n\n<p>Sn\u011b\u017eka je zn\u00e1m\u00e1 sv\u00fdm mimo\u0159\u00e1dn\u011b vrto\u0161iv\u00fdm po\u010das\u00edm \u2013 n\u00edzk\u00e9 teploty, siln\u00fd v\u00edtr, sn\u011bhov\u00e9 bou\u0159e a d\u00e9\u0161\u0165 jsou zde na denn\u00edm po\u0159\u00e1dku. <strong>Je zahaleno v mlze v\u00edce ne\u017e 300 dn\u00ed v roce.<\/strong>, co\u017e jen umoc\u0148uje jeho tajemn\u00fd charakter. A p\u0159esto \u2013 nebo pr\u00e1v\u011b proto \u2013 je tak magnetick\u00fd.<\/p>\n\n\n\n<h4 class=\"wp-block-heading\">Kamenn\u00e1 pevnost<\/h4>\n\n\n\n<p><strong>Postaveno z \u017euly a rohovce<\/strong>Sn\u011b\u017eka pot\u011b\u0161\u00ed sv\u00fdmi balvanov\u00fdmi poli \u2013 skalnatou sut\u00ed, kter\u00e1 pokr\u00fdv\u00e1 jej\u00ed svahy. Tato drsn\u00e1 krajina v\u00e1m d\u00e1 pocit, jako byste st\u00e1li na okraji sv\u011bta.<\/p>\n\n\n\n<h4 class=\"wp-block-heading\">Panorama o d\u00e9lce 200 kilometr\u016f<\/h4>\n\n\n\n<p>Za jasn\u00e9ho dne je z vrcholu Sn\u011b\u017eky vid\u011bt vzd\u00e1len\u00e9 horsk\u00e9 h\u0159ebeny a <strong>V\u00fdhled dosahuje a\u017e 200 km!<\/strong> Toto je jedno z t\u011bch m\u00edst, kde m\u016f\u017eete skute\u010dn\u011b poc\u00edtit s\u00edlu p\u0159\u00edrody.<\/p>\n\n\n\n<h4 class=\"wp-block-heading\">Kaple sv. Vav\u0159ince \u2013 posv\u00e1tn\u00e1 perla na vrcholu Sn\u011b\u017eky<\/h4>\n\n\n\n<p>Nen\u00ed to jen hora \u2013 je to tak\u00e9 m\u00edsto s histori\u00ed. <strong>10. srpna 1681 zde byla vysv\u011bcena kaple svat\u00e9ho Vav\u0159ince.<\/strong> Toto datum je pova\u017eov\u00e1no za sv\u00e1tek pr\u016fvodc\u016f a horal\u016f. Ka\u017ed\u00fd rok se zde kon\u00e1 m\u0161e, kter\u00e1 p\u0159itahuje davy turist\u016f. <\/p>\n\n\n\n<h4 class=\"wp-block-heading\">Hv\u011bzd\u00e1rna jako z jin\u00e9 planety<\/h4>\n\n\n\n<p>Charakteristick\u00e9 \u201el\u00e9taj\u00edc\u00ed tal\u00ed\u0159e\u201c jsou <strong>Vysokohorsk\u00e1 meteorologick\u00e1 observato\u0159<\/strong> \u2013 jeden ze dvou v Polsku. <strong>Systematick\u00e1 meteorologick\u00e1 m\u011b\u0159en\u00ed se zde prov\u00e1d\u011bj\u00ed od roku 1880.<\/strong>P\u0159esto\u017ee je stavba v sou\u010dasn\u00e9 dob\u011b pro n\u00e1v\u0161t\u011bvn\u00edky uzav\u0159ena, z\u016fst\u00e1v\u00e1 ikonou Sn\u011b\u017eky.<\/p>\n\n\n\n<p><strong>Ceny vstupn\u00e9ho: <\/strong>Na vrchol vede cesta<strong> zdarma<\/strong>, ale za pou\u017eit\u00ed lanovek se plat\u00ed poplatky.<\/p>\n\n\n\n<div style=\"height:36px\" aria-hidden=\"true\" class=\"wp-block-spacer\"><\/div>\n<\/div>\n\n\n\n<div class=\"wp-block-column is-layout-flow wp-block-column-is-layout-flow\" style=\"flex-basis:25%\">\n<figure class=\"wp-block-image size-large\"><img loading=\"lazy\" decoding=\"async\" width=\"1024\" height=\"768\" src=\"https:\/\/wonderhome.eu\/wp-content\/uploads\/2024\/06\/giant-mountains-2394918_1280-1024x768.jpg\" alt=\"Wysokog\u00f3rskie obserwatorium meteorologiczne na \u015anie\u017cce\" class=\"wp-image-2787\" srcset=\"https:\/\/wonderhome.eu\/wp-content\/uploads\/2024\/06\/giant-mountains-2394918_1280-1024x768.jpg 1024w, https:\/\/wonderhome.eu\/wp-content\/uploads\/2024\/06\/giant-mountains-2394918_1280-300x225.jpg 300w, https:\/\/wonderhome.eu\/wp-content\/uploads\/2024\/06\/giant-mountains-2394918_1280-768x576.jpg 768w, https:\/\/wonderhome.eu\/wp-content\/uploads\/2024\/06\/giant-mountains-2394918_1280.jpg 1280w\" sizes=\"auto, (max-width: 1024px) 100vw, 1024px\" \/><\/figure>\n\n\n<div class=\"wp-block-image\">\n<figure class=\"aligncenter size-large\"><img loading=\"lazy\" decoding=\"async\" width=\"766\" height=\"1024\" src=\"https:\/\/wonderhome.eu\/wp-content\/uploads\/2024\/07\/1720525561582-766x1024.jpg\" alt=\"Wjazd do Karpacza i widok na o\u015bnie\u017cony szczyt \u015anie\u017cki\" class=\"wp-image-2828\" srcset=\"https:\/\/wonderhome.eu\/wp-content\/uploads\/2024\/07\/1720525561582-766x1024.jpg 766w, https:\/\/wonderhome.eu\/wp-content\/uploads\/2024\/07\/1720525561582-224x300.jpg 224w, https:\/\/wonderhome.eu\/wp-content\/uploads\/2024\/07\/1720525561582-768x1026.jpg 768w, https:\/\/wonderhome.eu\/wp-content\/uploads\/2024\/07\/1720525561582-1149x1536.jpg 1149w, https:\/\/wonderhome.eu\/wp-content\/uploads\/2024\/07\/1720525561582-1532x2048.jpg 1532w, https:\/\/wonderhome.eu\/wp-content\/uploads\/2024\/07\/1720525561582-scaled.jpg 808w\" sizes=\"auto, (max-width: 766px) 100vw, 766px\" \/><\/figure>\n<\/div><\/div>\n\n\n\n<div class=\"wp-block-column is-layout-flow wp-block-column-is-layout-flow\" style=\"flex-basis:25%\"><\/div>\n<\/div>\n\n\n\n<h3 class=\"wp-block-heading\"><\/h3>\n\n\n<div class=\"wp-block-image\">\n<figure class=\"aligncenter size-large\"><img loading=\"lazy\" decoding=\"async\" width=\"1024\" height=\"686\" src=\"https:\/\/wonderhome.eu\/wp-content\/uploads\/2024\/06\/karpacz-2957135_1280-1024x686.jpg\" alt=\"Widok z Obserwatorium na \u015anie\u017cce\" class=\"wp-image-2789\" srcset=\"https:\/\/wonderhome.eu\/wp-content\/uploads\/2024\/06\/karpacz-2957135_1280-1024x686.jpg 1024w, https:\/\/wonderhome.eu\/wp-content\/uploads\/2024\/06\/karpacz-2957135_1280-300x201.jpg 300w, https:\/\/wonderhome.eu\/wp-content\/uploads\/2024\/06\/karpacz-2957135_1280-768x514.jpg 768w, https:\/\/wonderhome.eu\/wp-content\/uploads\/2024\/06\/karpacz-2957135_1280.jpg 1280w\" sizes=\"auto, (max-width: 1024px) 100vw, 1024px\" \/><figcaption class=\"wp-element-caption\">\u015anie\u017cka - pohled z vysokohorsk\u00e9 meteorologick\u00e9 observato\u0159e<\/figcaption><\/figure>\n<\/div>\n\n\n<p class=\"has-text-align-center\"><\/p>\n\n\n\n<div class=\"wp-block-columns is-layout-flex wp-container-core-columns-is-layout-9d6595d7 wp-block-columns-is-layout-flex\">\n<div class=\"wp-block-column is-layout-flow wp-block-column-is-layout-flow\" style=\"flex-basis:15%\"><\/div>\n\n\n\n<div class=\"wp-block-column is-layout-flow wp-block-column-is-layout-flow\" style=\"flex-basis:50%\">\n<h3 class=\"wp-block-heading has-text-color has-link-color wp-elements-12c0c76a8ccaf3546e6cf4256df2440c\" id=\"zabawek\" style=\"color:#d7a97d\">9. Muzeum hra\u010dek<\/h3>\n\n\n\n<p>Zrekonstruovan\u00e1 budova vlakov\u00e9ho n\u00e1dra\u017e\u00ed v Karpaczi nab\u00edz\u00ed m\u00edsto pln\u00e9 nostalgie, magie a \u0159emesln\u00e9ho um\u011bn\u00ed \u2013 <strong>M\u011bstsk\u00e9 muzeum hra\u010dek Henryka Tomaszewsk\u00e9ho<\/strong>Bylo zalo\u017eeno v roce 1995 a vzniklo ze soukrom\u00e9 sb\u00edrky tohoto mimo\u0159\u00e1dn\u00e9ho um\u011blce \u2013 mima a zakladatele Vratislavsk\u00e9ho divadla pantomimy.<\/p>\n\n\n\n<h4 class=\"wp-block-heading\">Hra\u010dky z cel\u00e9ho sv\u011bta<\/h4>\n\n\n\n<p>Tohle nen\u00ed oby\u010dejn\u00e9 muzeum \u2013 <strong>je cesta v\u00edce ne\u017e 200 lety historie d\u011btsk\u00e9 fantazie<\/strong>Ve vitr\u00edn\u00e1ch najdete:<\/p>\n\n\n\n<ul class=\"wp-block-list\">\n<li>Porcel\u00e1nov\u00e9 panenky z 19. stolet\u00ed,<\/li>\n\n\n\n<li>d\u0159ev\u011bn\u00e9 betl\u00e9msk\u00e9 figurky z 18. stolet\u00ed, <\/li>\n\n\n\n<li>hra\u010dky z Japonska, Austr\u00e1lie, Mexika a mnoha dal\u0161\u00edch kout\u016f sv\u011bta.<\/li>\n<\/ul>\n\n\n\n<p>Ka\u017ed\u00fd expon\u00e1t vypr\u00e1v\u00ed jin\u00fd p\u0159\u00edb\u011bh \u2013 o d\u011btstv\u00ed, kultu\u0159e a \u0159emesln\u00e9m um\u011bn\u00ed \u0159emesln\u00edk\u016f.<\/p>\n\n\n\n<h4 class=\"wp-block-heading\">V\u00fdstavy, workshopy a \u017eelezni\u010dn\u00ed atmosf\u00e9ra<\/h4>\n\n\n\n<p>Dal\u0161\u00ed atrakc\u00ed muzea je <strong>M\u00edstnost \u017eelezni\u010dn\u00edch tradic \u2013 ide\u00e1ln\u00ed pro mal\u00e9 nad\u0161ence do vlak\u016f<\/strong>V za\u0159\u00edzen\u00ed se pravideln\u011b konaj\u00ed do\u010dasn\u00e9 v\u00fdstavy, tematick\u00e9 akce a kreativn\u00ed d\u00edlny pro rodiny s d\u011btmi. A co je d\u016fle\u017eit\u00e9 \u2013 <strong>Muzeum je pln\u011b p\u0159izp\u016fsobeno pro osoby se zdravotn\u00edm posti\u017een\u00edm<\/strong>.<\/p>\n\n\n\n<p><strong>Ceny vstupn\u00e9ho:&nbsp;<\/strong><\/p>\n\n\n\n<ul class=\"wp-block-list\">\n<li>B\u011b\u017en\u00e1 vstupenka \u2013 20 PLN<\/li>\n\n\n\n<li>Zlevn\u011bn\u00e1 vstupenka \u2013 10 PLN<\/li>\n\n\n\n<li>D\u011bti do 6 let \u2013 zdarma.<\/li>\n<\/ul>\n\n\n\n<p><strong>Otev\u00edrac\u00ed doba:<\/strong><\/p>\n\n\n\n<ul class=\"wp-block-list\">\n<li>\u00dater\u00fd \u2013 p\u00e1tek: 9:00 \u2013 16:30<\/li>\n\n\n\n<li>Sobota \u2013 ned\u011ble: 10:00 \u2013 17:30<\/li>\n<\/ul>\n\n\n\n<p><strong>Muzeum je pro n\u00e1v\u0161t\u011bvn\u00edky uzav\u0159eno: <\/strong>ka\u017ed\u00e9 pond\u011bl\u00ed a 1. ledna, 6. ledna, velikono\u010dn\u00ed ned\u011ble, Bo\u017e\u00ed t\u011blo, 1. listopadu, 11. listopadu, 25. prosince.<\/p>\n\n\n\n<div style=\"height:36px\" aria-hidden=\"true\" class=\"wp-block-spacer\"><\/div>\n\n\n\n<h3 class=\"wp-block-heading has-text-color has-link-color wp-elements-fa32fb90b0fea30efb3328cb93e50121\" id=\"grawitacyjny\" style=\"color:#d7a97d\">10. Gravita\u010dn\u00ed bod<\/h3>\n\n\n\n<p>Je to magie, optick\u00fd klam, nebo snad\u2026 chyba v matrixu? V Karpaczi existuje m\u00edsto, kter\u00e9 p\u0159ekvap\u00ed i ty nejracion\u00e1ln\u011bj\u0161\u00ed turisty. <strong>Na ulici Stra\u017cacka, mezi hotelem Piecuch a mostem p\u0159es \u0159eku \u0141omnica, jako by fyzik\u00e1ln\u00ed z\u00e1kony nefungovaly spr\u00e1vn\u011b.<\/strong><\/p>\n\n\n\n<h4 class=\"wp-block-heading\">Do kopce... nebo z kopce?<\/h4>\n\n\n\n<p>Zastavte se tam, nechte lahev, plechovku nebo i auto v neutr\u00e1lu \u2013 a pozorujte. <strong>M\u00edsto aby se kut\u00e1lely dol\u016f, se p\u0159edm\u011bty za\u010dnou\u2026 kut\u00e1let nahoru!<\/strong> A\u010dkoli se vizu\u00e1ln\u011b zd\u00e1, \u017ee silnice kles\u00e1, vozidla se pohybuj\u00ed pozp\u00e1tku sm\u011brem, kter\u00fd by m\u011bl b\u00fdt \u201edo kopce\u201c.<\/p>\n\n\n\n<h4 class=\"wp-block-heading\">Co \u0159\u00edk\u00e1 v\u011bda?<\/h4>\n\n\n\n<p><strong>V\u00fdzkum nazna\u010duje, \u017ee gravita\u010dn\u00ed s\u00edla v tomto m\u00edst\u011b m\u016f\u017ee b\u00fdt a\u017e o 4% slab\u0161\u00ed ne\u017e obvykle.<\/strong>A\u010dkoli v\u011bt\u0161ina odborn\u00edk\u016f to p\u0159ipisuje optick\u00e9 iluzi, mnoho n\u00e1v\u0161t\u011bvn\u00edk\u016f m\u00e1 pocit, jako by se nach\u00e1zeli ve skute\u010dn\u00e9 anom\u00e1ln\u00ed z\u00f3n\u011b.<\/p>\n\n\n\n<h4 class=\"wp-block-heading\">Pro milovn\u00edky z\u00e1had a iluz\u00ed<\/h4>\n\n\n\n<p>Toto m\u00edsto l\u00e1k\u00e1 nejen turisty s d\u011btmi, ale i nad\u0161ence do nevysv\u011btliteln\u00fdch jev\u016f, fotografy a... skeptiky, kte\u0159\u00ed cht\u011bj\u00ed v\u0161echno vid\u011bt na vlastn\u00ed o\u010di. \ud83d\ude42<\/p>\n\n\n\n<p><strong>Ceny vstupn\u00e9ho:<\/strong> Voln\u00fd, uvolnit<\/p>\n\n\n\n<div style=\"height:36px\" aria-hidden=\"true\" class=\"wp-block-spacer\"><\/div>\n\n\n\n<h3 class=\"wp-block-heading has-text-color has-link-color wp-elements-ecd22bcc62088366441fbe65150c425a\" id=\"orlinek\" style=\"color:#d7a97d\">11. Skokansk\u00fd m\u016fstek \u201eOrlinek\u201c<\/h3>\n\n\n\n<p>V Karpaczi najdete nejen horsk\u00e9 stezky a okouzluj\u00edc\u00ed p\u0159\u00edst\u0159e\u0161ky, ale tak\u00e9 m\u00edsto, kde duch sportovn\u00edho sout\u011b\u017een\u00ed \u017eije ji\u017e po cel\u00e1 desetilet\u00ed. <strong>Skokansk\u00fd m\u016fstek Orlinek, nyn\u00ed slou\u017e\u00edc\u00ed jako vyhl\u00eddka<\/strong>, m\u00e1 historii sahaj\u00edc\u00ed a\u017e do za\u010d\u00e1tku 20. stolet\u00ed.<\/p>\n\n\n\n<h4 class=\"wp-block-heading\">Od d\u0159eva k oceli<\/h4>\n\n\n\n<p>Prvn\u00ed d\u0159ev\u011bn\u00e1 stavba zde byla postavena v roce 1912. <strong>Po v\u00e1lce, bez dokumentace nebo ofici\u00e1ln\u00edch pl\u00e1n\u016f, pomohl legend\u00e1rn\u00ed polsk\u00fd skokan na ly\u017e\u00edch Stanis\u0142aw Marusarz vytvo\u0159it nov\u00fd skokansk\u00fd m\u016fstek.<\/strong>Sedmdes\u00e1t\u00e1 l\u00e9ta 20. stolet\u00ed p\u0159inesla modernizaci: d\u0159ev\u011bn\u00e1 v\u011b\u017e byla nahrazena ocelovou konstrukc\u00ed a v roce 1979 byl ofici\u00e1ln\u011b otev\u0159en nov\u00fd skokansk\u00fd m\u016fstek pojmenovan\u00fd po Stanis\u0142awu Marusarzovi.<\/p>\n\n\n\n<h4 class=\"wp-block-heading\">Mal\u00fd tu byl!<\/h4>\n\n\n\n<p>V roce 2000 pro\u0161el Orlinek p\u0159ed mistrovstv\u00edm sv\u011bta junior\u016f velkou rekonstrukc\u00ed, ale do historie skokansk\u00e9ho m\u016fstku se zapsal a\u017e rok 2004 \u2013 tehdy <strong>Adam Ma\u0142ysz vytvo\u0159il rekord pro za\u0159\u00edzen\u00ed skokem a\u017e do v\u00fd\u0161ky<\/strong> <strong>94,5 metr\u016f<\/strong>!<\/p>\n\n\n\n<h4 class=\"wp-block-heading\">Sko\u010dte do panoramatu<\/h4>\n\n\n\n<p>Dnes je Orlinek n\u00e1dhern\u00fdm vyhl\u00eddkov\u00fdm m\u00edstem s panoramatick\u00fdm v\u00fdhledem na Krkono\u0161e. M\u016f\u017eete vyl\u00e9zt na skokansk\u00fd m\u016fstek, za\u017e\u00edt adrenalin a d\u00edvat se na trasy, kter\u00e9 mist\u0159i zdolali.<\/p>\n\n\n\n<p><strong>Ceny vstupn\u00e9ho: <\/strong>Voln\u00fd, uvolnit<\/p>\n\n\n\n<div style=\"height:36px\" aria-hidden=\"true\" class=\"wp-block-spacer\"><\/div>\n\n\n\n<hr class=\"wp-block-separator has-alpha-channel-opacity\"\/>\n\n\n\n<div style=\"height:36px\" aria-hidden=\"true\" class=\"wp-block-spacer\"><\/div>\n\n\n\n<h3 class=\"wp-block-heading has-text-color has-link-color wp-elements-99c1dc35060b4ff4084913bbd2bae086\" style=\"color:#d7a97d\">Zjist\u011bte v\u00edce!<\/h3>\n\n\n\n<p class=\"has-medium-font-size\"><strong>Nezapome\u0148te se pod\u00edvat na na\u0161e dal\u0161\u00ed p\u0159\u00edsp\u011bvky o Karpaczi:<\/strong><\/p>\n\n\n\n<ul class=\"wp-block-list\">\n<li><a href=\"https:\/\/wonderhome.eu\/cz\/blog\/sniezka-ciekawostki-9-faktow\/\"><strong>Sn\u011b\u017eka \u2013 9 fascinuj\u00edc\u00edch fakt\u016f o kr\u00e1lovn\u011b Krkono\u0161!<\/strong><\/a><\/li>\n\n\n\n<li><strong><a href=\"https:\/\/wonderhome.eu\/cz\/blog\/co-robic-z-dziecmi-w-karpaczu\/\">Co d\u011blat s d\u011btmi v Karpaczi? Praktick\u00fd pr\u016fvodce<\/a><\/strong><\/li>\n\n\n\n<li><a href=\"https:\/\/wonderhome.eu\/cz\/blog\/wakacje-z-psem-w-karpaczu\/\"><strong>Dovolen\u00e1 se psem v Karpaczi<\/strong><\/a><\/li>\n\n\n\n<li><strong><a href=\"https:\/\/wonderhome.eu\/cz\/blog\/co-robic-w-karpaczu-gdy-pada-deszcz\/\">Co d\u011blat v Karpaczi, kdy\u017e pr\u0161\u00ed? Nejlep\u0161\u00ed atrakce pro \u0161patn\u00e9 po\u010das\u00ed!<\/a><\/strong><\/li>\n<\/ul>\n\n\n\n<div style=\"height:36px\" aria-hidden=\"true\" class=\"wp-block-spacer\"><\/div>\n\n\n\n<hr class=\"wp-block-separator has-alpha-channel-opacity\"\/>\n\n\n\n<div style=\"height:36px\" aria-hidden=\"true\" class=\"wp-block-spacer\"><\/div>\n\n\n\n<h3 class=\"wp-block-heading has-text-color has-link-color wp-elements-c717e642e0b50489813225c8fdfc9b47\" id=\"krucze\" style=\"color:#d7a97d\">12. Havran\u00ed sk\u00e1ly<\/h3>\n\n\n\n<p><strong>Na svaz\u00edch Kruczy Kopy, v \u00fadol\u00ed P\u0142omnica, se ty\u010d\u00ed Havran\u00ed sk\u00e1ly<\/strong> \u2013 m\u00edsto, kde p\u0159\u00edroda odhaluje svou s\u00edlu a lid\u00e9 se po stalet\u00ed sna\u017e\u00ed odhalit jej\u00ed tajemstv\u00ed. Tyto impozantn\u00ed skaln\u00ed \u00fatvary, dosahuj\u00edc\u00ed v\u00fd\u0161ky 25 metr\u016f, l\u00e1kaj\u00ed milovn\u00edky p\u0159\u00edrody i dobrodruhy.<\/p>\n\n\n\n<h4 class=\"wp-block-heading\">Zem\u011b pln\u00e1 poklad\u016f<\/h4>\n\n\n\n<p>Raven Rocks je r\u00e1jem pro geology a v\u0161echny, kdo miluj\u00ed miner\u00e1ly. <strong>Jsou zde velk\u00e9 koncentrace pegmatit\u016f.<\/strong>, kter\u00e9 ukr\u00fdvaj\u00ed takov\u00e9 divy p\u0159\u00edrody, jako nap\u0159\u00edklad:<\/p>\n\n\n\n<ul class=\"wp-block-list\">\n<li>korund<\/li>\n\n\n\n<li>saf\u00edry<\/li>\n\n\n\n<li>turmal\u00edny<\/li>\n<\/ul>\n\n\n\n<p>Nejkr\u00e1sn\u011bj\u0161\u00ed exempl\u00e1\u0159e z tohoto regionu lze dnes obdivovat v Geologick\u00e9m muzeu ve Vratislavi \u2013 ale kdo v\u00ed, co dal\u0161\u00edho \u010dek\u00e1 v z\u00e1kout\u00edch Krkono\u0161?<\/p>\n\n\n\n<h4 class=\"wp-block-heading\">St\u0159edov\u011bk\u00e9 doly a zlatokopov\u00e9<\/h4>\n\n\n\n<p>Podle m\u00edstn\u00ed legendy se zde ve st\u0159edov\u011bku kopaly tunely p\u0159i hled\u00e1n\u00ed zlata. <strong>P\u0159ipom\u00ednkou t\u011bch \u010das\u016f je obrovsk\u00fd balvan le\u017e\u00edc\u00ed na \u00fapat\u00ed skal.<\/strong> \u2013 tich\u00fd sv\u011bdek d\u00e1vn\u00fdch sn\u016f o \u0161t\u011bst\u00ed.<\/p>\n\n\n\n<h4 class=\"wp-block-heading\">K\u00e1men, kter\u00fd t\u011b p\u0159itahuje<\/h4>\n\n\n\n<p><strong>Dnes jsou Krucze Ska\u0142y tak\u00e9 obl\u00edben\u00fdm lezeck\u00fdm centrem.<\/strong> Najdete zde des\u00edtky stezek r\u016fzn\u00e9 obt\u00ed\u017enosti \u2013 ide\u00e1ln\u00ed pro za\u010d\u00e1te\u010dn\u00edky i zku\u0161en\u00e9 horolezce. A pokud lezen\u00ed nen\u00ed v\u00e1\u0161 \u0161\u00e1lek k\u00e1vy, jen se pohodln\u011b usa\u010fte a obdivujte ho. V\u00fdhled na Krkono\u0161e je skute\u010dn\u011b \u00fachvatn\u00fd!<\/p>\n\n\n\n<p><strong>Ceny vstupn\u00e9ho: <\/strong>Voln\u00fd, uvolnit<\/p>\n<\/div>\n\n\n\n<div class=\"wp-block-column is-layout-flow wp-block-column-is-layout-flow\" style=\"flex-basis:25%\">\n<div style=\"height:100px\" aria-hidden=\"true\" class=\"wp-block-spacer\"><\/div>\n\n\n\n<figure class=\"wp-block-image size-large\"><img loading=\"lazy\" decoding=\"async\" width=\"766\" height=\"1024\" src=\"https:\/\/wonderhome.eu\/wp-content\/uploads\/2024\/07\/1720525644040-766x1024.jpg\" alt=\"Poranek w Karpaczu - wsch\u00f3d S\u0142o\u0144ca\" class=\"wp-image-2821\" srcset=\"https:\/\/wonderhome.eu\/wp-content\/uploads\/2024\/07\/1720525644040-766x1024.jpg 766w, https:\/\/wonderhome.eu\/wp-content\/uploads\/2024\/07\/1720525644040-224x300.jpg 224w, https:\/\/wonderhome.eu\/wp-content\/uploads\/2024\/07\/1720525644040-768x1027.jpg 768w, https:\/\/wonderhome.eu\/wp-content\/uploads\/2024\/07\/1720525644040-1149x1536.jpg 1149w, https:\/\/wonderhome.eu\/wp-content\/uploads\/2024\/07\/1720525644040-1532x2048.jpg 1532w, https:\/\/wonderhome.eu\/wp-content\/uploads\/2024\/07\/1720525644040-scaled.jpg 808w\" sizes=\"auto, (max-width: 766px) 100vw, 766px\" \/><\/figure>\n<\/div>\n\n\n\n<div class=\"wp-block-column is-layout-flow wp-block-column-is-layout-flow\" style=\"flex-basis:25%\"><\/div>\n<\/div>\n\n\n\n<h3 class=\"wp-block-heading\"><\/h3>\n\n\n<div class=\"wp-block-image\">\n<figure class=\"aligncenter size-large\"><img loading=\"lazy\" decoding=\"async\" width=\"1024\" height=\"766\" src=\"https:\/\/wonderhome.eu\/wp-content\/uploads\/2024\/06\/1720433753078-1024x766.jpg\" alt=\"Widok na Karkonosze z Kruczych Ska\u0142\" class=\"wp-image-2802\" srcset=\"https:\/\/wonderhome.eu\/wp-content\/uploads\/2024\/06\/1720433753078-1024x766.jpg 1024w, https:\/\/wonderhome.eu\/wp-content\/uploads\/2024\/06\/1720433753078-300x224.jpg 300w, https:\/\/wonderhome.eu\/wp-content\/uploads\/2024\/06\/1720433753078-768x575.jpg 768w, https:\/\/wonderhome.eu\/wp-content\/uploads\/2024\/06\/1720433753078-1536x1149.jpg 1536w, https:\/\/wonderhome.eu\/wp-content\/uploads\/2024\/06\/1720433753078-2048x1533.jpg 2048w, https:\/\/wonderhome.eu\/wp-content\/uploads\/2024\/06\/1720433753078-scaled.jpg 1443w\" sizes=\"auto, (max-width: 1024px) 100vw, 1024px\" \/><figcaption class=\"wp-element-caption\">Vyhl\u00eddka Krucze Ska\u0142y<\/figcaption><\/figure>\n<\/div>\n\n\n<p class=\"has-text-align-center\"><\/p>\n\n\n\n<div class=\"wp-block-columns is-layout-flex wp-container-core-columns-is-layout-9d6595d7 wp-block-columns-is-layout-flex\">\n<div class=\"wp-block-column is-layout-flow wp-block-column-is-layout-flow\" style=\"flex-basis:15%\"><\/div>\n\n\n\n<div class=\"wp-block-column is-layout-flow wp-block-column-is-layout-flow\" style=\"flex-basis:50%\">\n<h3 class=\"wp-block-heading has-text-color has-link-color wp-elements-05162124db0a8a92aa6e8b1050f2673c\" id=\"m\u0142yn\" style=\"color:#d7a97d\">13. Ml\u00fdn l\u00e1sky<\/h3>\n\n\n\n<p>V Karpaczi G\u00f3rny, p\u0159\u00edmo na ulici Karkonoska 53, stoj\u00ed mal\u00e9, ale unik\u00e1tn\u00ed za\u0159\u00edzen\u00ed, kter\u00e9 ji\u017e l\u00e9ta pout\u00e1v\u00e1 fantazii milovn\u00edk\u016f a milovn\u00edk\u016f m\u00edstn\u00edch p\u0159\u00edb\u011bh\u016f. <strong>Mill Mill<\/strong> \u2013 m\u00edsto, kde se podle lidov\u00e9 legendy... rod\u00ed l\u00e1ska.<\/p>\n\n\n\n<h4 class=\"wp-block-heading\">Obil\u00ed, mouka a l\u00e1ska<\/h4>\n\n\n\n<p>Kdysi to byl oby\u010dejn\u00fd ml\u00fdn, jeho\u017e d\u0159ev\u011bn\u00e9 kolo poh\u00e1n\u011bla horsk\u00e1 voda. M\u00edstn\u00ed v\u0161ak v\u011b\u0159ili, \u017ee mlel v\u00edc ne\u017e jen obil\u00ed \u2013 m\u011bl tak\u00e9 magickou moc probouzet l\u00e1sku v srdc\u00edch t\u011bch, kte\u0159\u00ed se s n\u00edm setkali.<\/p>\n\n\n\n<h4 class=\"wp-block-heading\">Nov\u00e1 tv\u00e1\u0159 star\u00e9 legendy<\/h4>\n\n\n\n<p>Sou\u010dasn\u00e1 podoba ml\u00fdna je v\u00fdsledkem modernizace navr\u017een\u00e9 Januszem Motylskim. Dnes je nejen romantickou pam\u00e1tkou na minulost, ale tak\u00e9 jednou z... <strong>nejatmosf\u00e9ri\u010dt\u011bj\u0161\u00ed kouty Karpacze<\/strong> \u2013 ide\u00e1ln\u00ed pro proch\u00e1zku ve dvou nebo na chvilku zamy\u0161len\u00ed v krajin\u011b Krkono\u0161.<\/p>\n\n\n\n<p><strong>Ceny vstupn\u00e9ho:<\/strong> Voln\u00fd, uvolnit<\/p>\n\n\n\n<div style=\"height:36px\" aria-hidden=\"true\" class=\"wp-block-spacer\"><\/div>\n\n\n\n<h3 class=\"wp-block-heading has-text-color has-link-color wp-elements-cdbf7ee856dd03c900b286b14021158a\" id=\"sportu\" style=\"color:#d7a97d\">14. Muzeum sportu a turistiky<\/h3>\n\n\n\n<p>V Karpaczi, na ulici Kopernika 2, se nach\u00e1z\u00ed m\u00edsto, kter\u00e9 n\u00e1s p\u0159enese zp\u011bt do dob, kdy se na Sn\u011b\u017eku dalo vyjet nos\u00edtkami a ly\u017eov\u00e1n\u00ed bylo opravdov\u00fdm um\u011bn\u00edm. <strong>Muzeum sportu a turistiky<\/strong>, zalo\u017een\u00e1 v roce 1974, se nach\u00e1z\u00ed v historick\u00e9 hr\u00e1zd\u011bn\u00e9 budov\u011b a vypr\u00e1v\u00ed nev\u0161edn\u00ed p\u0159\u00edb\u011bh regionu prizmatem sportu a horsk\u00e9 turistiky.<\/p>\n\n\n\n<h4 class=\"wp-block-heading\">T\u0159i sv\u011bty pod jednou st\u0159echou<\/h4>\n\n\n\n<p>V\u00fdstava je rozd\u011blena do t\u0159\u00ed hlavn\u00edch sekc\u00ed:<\/p>\n\n\n\n<ul class=\"wp-block-list\">\n<li>vznik a rozvoj cestovn\u00edho ruchu v Krkono\u0161\u00edch,<\/li>\n\n\n\n<li>historie zimn\u00edch sport\u016f,<\/li>\n\n\n\n<li>ochrana krkono\u0161sk\u00e9 p\u0159\u00edrody.<\/li>\n<\/ul>\n\n\n\n<p>Mezi expon\u00e1ty najdete skute\u010dn\u00e9 skvosty \u2013 <strong>star\u00e9 vrhy, rohat\u00e9 san\u011b<\/strong>, jeden z nejstar\u0161\u00edch <strong>ly\u017ee a boby<\/strong>, stejn\u011b jako \u010detn\u00e9 <strong>sportovn\u00ed trofeje<\/strong>Obzvl\u00e1\u0161t\u011b dojemn\u00e1 je \u010d\u00e1st v\u011bnovan\u00e1 <strong>Horsk\u00e1 dobrovoln\u00e1 z\u00e1chrann\u00e1 slu\u017eba<\/strong>, co\u017e ukazuje odvahu a ob\u011btavost horsk\u00fdch z\u00e1chran\u00e1\u0159\u016f.<\/p>\n\n\n\n<h4 class=\"wp-block-heading\">Co dal\u0161\u00edho stoj\u00ed za to v\u011bd\u011bt?<\/h4>\n\n\n\n<p>Muzeum pravideln\u011b po\u0159\u00e1d\u00e1 <strong>do\u010dasn\u00e9 v\u00fdstavy a tematick\u00e9 akce<\/strong>Toto je zast\u00e1vka, kterou by m\u011bl vid\u011bt ka\u017ed\u00fd, kdo miluje hory, sport a historii Krkono\u0161.<\/p>\n\n\n\n<p><strong>Ceny vstupn\u00e9ho:<\/strong>&nbsp;<\/p>\n\n\n\n<ul class=\"wp-block-list\">\n<li>B\u011b\u017en\u00e1 j\u00edzdenka stoj\u00ed 15 PLN<\/li>\n\n\n\n<li>Zlevn\u011bn\u00e1 vstupenka 10 PLN<\/li>\n\n\n\n<li>Velk\u00e1 rodinn\u00e1 karta - 25 PLN<\/li>\n<\/ul>\n\n\n\n<p><strong>Otev\u00edrac\u00ed doba:<\/strong> \u00fater\u00fd \u2013 ned\u011ble: 10:00 \u2013 17:00<\/p>\n\n\n\n<p><strong>Muzeum je pro n\u00e1v\u0161t\u011bvn\u00edky uzav\u0159eno: <\/strong>ka\u017ed\u00e9 pond\u011bl\u00ed.<\/p>\n\n\n\n<div style=\"height:36px\" aria-hidden=\"true\" class=\"wp-block-spacer\"><\/div>\n\n\n\n<hr class=\"wp-block-separator has-alpha-channel-opacity\"\/>\n\n\n\n<div style=\"height:36px\" aria-hidden=\"true\" class=\"wp-block-spacer\"><\/div>\n\n\n\n<p class=\"has-text-color has-link-color has-medium-font-size wp-elements-530412e9858ddc0e0de27926a4a66f77\" style=\"color:#d7a97d\"><strong>Sledujte Wonder Home Apartments na soci\u00e1ln\u00edch s\u00edt\u00edch!<\/strong><\/p>\n\n\n\n<div class=\"wp-block-buttons is-horizontal is-content-justification-center is-layout-flex wp-container-core-buttons-is-layout-f7fed8db wp-block-buttons-is-layout-flex\" style=\"padding-top:var(--wp--preset--spacing--20);padding-right:var(--wp--preset--spacing--20);padding-bottom:var(--wp--preset--spacing--20);padding-left:var(--wp--preset--spacing--20)\">\n<div class=\"wp-block-button is-style-primary is-style-outline is-style-outline--4\"><a class=\"wp-block-button__link has-white-color has-text-color has-background has-link-color wp-element-button\" style=\"border-radius:22px;background-color:#06376a\"><strong>Facebook<\/strong><\/a><\/div>\n\n\n\n<div class=\"wp-block-button is-style-primary is-style-outline is-style-outline--5\"><a class=\"wp-block-button__link has-white-color has-text-color has-background has-link-color wp-element-button\" href=\"https:\/\/www.instagram.com\/apartamenty_wonder_home\/?hl=pl\" style=\"border-radius:22px;background:linear-gradient(81deg,rgb(255,203,112) 0%,rgb(199,81,192) 50%,rgb(65,88,208) 100%)\" target=\"_blank\" rel=\"noreferrer noopener\"><strong>Instagram<\/strong><\/a><\/div>\n\n\n\n<div class=\"wp-block-button is-style-primary is-style-outline is-style-outline--6\"><a class=\"wp-block-button__link has-white-color has-vivid-red-background-color has-text-color has-background has-link-color wp-element-button\" href=\"https:\/\/www.youtube.com\/channel\/UCy2cOiwvtYYOORiz00Ik4DQ\/videos\" style=\"border-radius:22px\" target=\"_blank\" rel=\"noreferrer noopener\"><strong>YouTube<\/strong><\/a><\/div>\n<\/div>\n\n\n\n<div style=\"height:36px\" aria-hidden=\"true\" class=\"wp-block-spacer\"><\/div>\n\n\n\n<hr class=\"wp-block-separator has-alpha-channel-opacity\"\/>\n<\/div>\n\n\n\n<div class=\"wp-block-column is-layout-flow wp-block-column-is-layout-flow\" style=\"flex-basis:25%\"><\/div>\n\n\n\n<div class=\"wp-block-column is-layout-flow wp-block-column-is-layout-flow\" style=\"flex-basis:25%\"><\/div>\n<\/div>\n\n\n\n<p class=\"has-text-align-left has-small-font-size\"><\/p>\n\n\n\n<div class=\"wp-block-columns is-layout-flex wp-container-core-columns-is-layout-9d6595d7 wp-block-columns-is-layout-flex\">\n<div class=\"wp-block-column is-layout-flow wp-block-column-is-layout-flow\" style=\"flex-basis:15%\"><\/div>\n\n\n\n<div class=\"wp-block-column is-layout-flow wp-block-column-is-layout-flow\" style=\"flex-basis:50%\">\n<h3 class=\"wp-block-heading has-text-color has-link-color wp-elements-e3a89f454189a4024c39dee79f448603\" id=\"dziki\" style=\"color:#d7a97d\">15. Divok\u00fd vodop\u00e1d<\/h3>\n\n\n\n<p>Hned vedle doln\u00ed stanice lanovky Kopa le\u017e\u00ed jedno z nejkr\u00e1sn\u011bj\u0161\u00edch kout\u016f Karpacze \u2013 <strong>Divok\u00fd vodop\u00e1d na \u0141omnici<\/strong>A\u010dkoliv vypad\u00e1 jako d\u00edlo p\u0159\u00edrody, vznikl d\u00edky \u010dlov\u011bku a jeho pokus\u016fm zkrotit rozmarnou \u0159eku.<\/p>\n\n\n\n<h4 class=\"wp-block-heading\">Jak byl \u017eivel zkrocen \u2013 historie p\u0159ehrady na \u0159ece \u0141omnica<\/h4>\n\n\n\n<p>\u0158eka \u0141omnica je zn\u00e1m\u00e1 sv\u00fdm prudk\u00fdm p\u00e1dem a... bou\u0159livou povahou. V minulosti mnohokr\u00e1t zaplavovala okoln\u00ed oblasti. Proto v letech <strong>1910\u20131915<\/strong> Byla postavena p\u0159ehrada, kter\u00e1 dnes tvo\u0159\u00ed velkolep\u00fd vodop\u00e1d. P\u0159ehrada fungovala mimo\u0159\u00e1dn\u011b dob\u0159e i b\u011bhem tis\u00edcilet\u00e9 povodn\u011b v roce 1997.<\/p>\n\n\n\n<h4 class=\"wp-block-heading\">Pro\u010d stoj\u00ed za to ho nav\u0161t\u00edvit?<\/h4>\n\n\n\n<p><strong>Divok\u00fd vodop\u00e1d je m\u00edsto, kter\u00e9 pot\u011b\u0161\u00ed v ka\u017ed\u00e9m ro\u010dn\u00edm obdob\u00ed.<\/strong>Nen\u00ed to jen vyhl\u00eddka, ale prostor, kde m\u016f\u017eete c\u00edtit s\u00edlu \u017eivl\u016f a z\u00e1rove\u0148... popadnout dech.<\/p>\n\n\n\n<p><strong>Ceny vstupn\u00e9ho: <\/strong>Voln\u00fd, uvolnit<\/p>\n<\/div>\n\n\n\n<div class=\"wp-block-column is-layout-flow wp-block-column-is-layout-flow\" style=\"flex-basis:25%\"><\/div>\n\n\n\n<div class=\"wp-block-column is-layout-flow wp-block-column-is-layout-flow\" style=\"flex-basis:25%\"><\/div>\n<\/div>\n\n\n\n<h3 class=\"wp-block-heading\"><\/h3>\n\n\n<div class=\"wp-block-image\">\n<figure class=\"aligncenter size-full is-resized\"><img loading=\"lazy\" decoding=\"async\" width=\"1728\" height=\"1080\" src=\"https:\/\/wonderhome.eu\/wp-content\/uploads\/2024\/07\/pexels-zenek-walowski-75708436-19733429-scaled.jpg\" alt=\"\" class=\"wp-image-2832\" style=\"width:844px;height:auto\" srcset=\"https:\/\/wonderhome.eu\/wp-content\/uploads\/2024\/07\/pexels-zenek-walowski-75708436-19733429-scaled.jpg 1728w, https:\/\/wonderhome.eu\/wp-content\/uploads\/2024\/07\/pexels-zenek-walowski-75708436-19733429-300x188.jpg 300w, https:\/\/wonderhome.eu\/wp-content\/uploads\/2024\/07\/pexels-zenek-walowski-75708436-19733429-1024x640.jpg 1024w, https:\/\/wonderhome.eu\/wp-content\/uploads\/2024\/07\/pexels-zenek-walowski-75708436-19733429-768x480.jpg 768w, https:\/\/wonderhome.eu\/wp-content\/uploads\/2024\/07\/pexels-zenek-walowski-75708436-19733429-1536x960.jpg 1536w, https:\/\/wonderhome.eu\/wp-content\/uploads\/2024\/07\/pexels-zenek-walowski-75708436-19733429-2048x1280.jpg 2048w\" sizes=\"auto, (max-width: 1728px) 100vw, 1728px\" \/><figcaption class=\"wp-element-caption\">Divok\u00fd vodop\u00e1d v Karpaczi<\/figcaption><\/figure>\n<\/div>\n\n\n<p class=\"has-text-align-center\"><\/p>\n\n\n\n<div class=\"wp-block-columns is-layout-flex wp-container-core-columns-is-layout-9d6595d7 wp-block-columns-is-layout-flex\">\n<div class=\"wp-block-column is-layout-flow wp-block-column-is-layout-flow\" style=\"flex-basis:15%\"><\/div>\n\n\n\n<div class=\"wp-block-column is-layout-flow wp-block-column-is-layout-flow\" style=\"flex-basis:50%\">\n<h3 class=\"wp-block-heading has-text-color has-link-color wp-elements-bdb85b5ffb17ec3dfea7765217eb9c76\" id=\"kolorowa\" style=\"color:#d7a97d\">16. Rekrea\u010dn\u00ed a sportovn\u00ed st\u0159edisko Kolorowa<\/h3>\n\n\n\n<p><strong>Rekrea\u010dn\u00ed a sportovn\u00ed centrum Kolorowa je modern\u00ed sportovn\u00ed komplex, kter\u00fd l\u00e1k\u00e1 turisty po cel\u00fd rok.<\/strong> Nach\u00e1z\u00ed se v centru m\u011bsta a nab\u00edz\u00ed spoustu atrakc\u00ed \u2013 pro d\u011bti i dosp\u011bl\u00e9. <strong>S\u00e1\u0148ka\u0159sk\u00e1 dr\u00e1ha, lanov\u00fd park, h\u0159i\u0161t\u011b<\/strong> \u2013 toto je ide\u00e1ln\u00ed m\u00edsto pro ty, kte\u0159\u00ed hledaj\u00ed aktivn\u00ed odpo\u010dinek a adrenalin b\u011bhem sv\u00e9ho pobytu v hor\u00e1ch.<\/p>\n\n\n\n<h4 class=\"wp-block-heading\">S\u00e1n\u011b s oto\u010dkou o 360\u00b0<\/h4>\n\n\n\n<p>Skute\u010dn\u00fdm klenotem Centra Kolorowa je <strong>s\u00e1\u0148ka\u0159sk\u00e1 dr\u00e1ha \u2013 jedna z nejdel\u0161\u00edch v Polsku<\/strong>Pr\u00e1v\u011b zde se nach\u00e1z\u00ed 360stup\u0148ov\u00e1 zat\u00e1\u010dka, kter\u00e1 poskytuje vzru\u0161uj\u00edc\u00ed z\u00e1\u017eitek jak pro za\u010d\u00e1te\u010dn\u00edky, tak pro zku\u0161en\u011bj\u0161\u00ed sjezda\u0159e. <strong>Dr\u00e1ha je v provozu bez ohledu na ro\u010dn\u00ed obdob\u00ed<\/strong>, tak\u017ee vzru\u0161en\u00ed je zaru\u010deno v l\u00e9t\u011b i v zim\u011b.<\/p>\n\n\n\n<h4 class=\"wp-block-heading\">Bezpe\u010dn\u00e1 z\u00e1bava pro celou rodinu<\/h4>\n\n\n\n<p><strong>Ka\u017ed\u00e1 tra\u0165 v Kolorow\u011b je vhodn\u011b ozna\u010dena, osv\u011btlena a spl\u0148uje nejvy\u0161\u0161\u00ed bezpe\u010dnostn\u00ed standardy.<\/strong>Je to m\u00edsto, kde se sm\u00edch a radost snoub\u00ed s d\u016frazem na pohodl\u00ed n\u00e1v\u0161t\u011bvn\u00edk\u016f. Centrum je skv\u011blou volbou pro rodinn\u00fd v\u00fdlet, ale tak\u00e9 dobrou mo\u017enost\u00ed pro chvilku aktivity po horsk\u00e9 t\u00fa\u0159e.<\/p>\n\n\n\n<p><strong>Ceny z\u00e1jezd\u016f:&nbsp;<\/strong><\/p>\n\n\n\n<ul class=\"wp-block-list\">\n<li>1 j\u00edzda - 20 PLN<\/li>\n\n\n\n<li>2 j\u00edzdy \u2013 30 PLN<\/li>\n\n\n\n<li>5 j\u00edzd \u2013 65 PLN<\/li>\n\n\n\n<li>10 j\u00edzd \u2013 110 PLN<\/li>\n\n\n\n<li>50 j\u00edzd \u2013 450 PLN<\/li>\n<\/ul>\n\n\n\n<p><strong>Otev\u00edrac\u00ed doba:<\/strong> Pond\u011bl\u00ed a\u017e ned\u011ble: 10:00-20:00.<\/p>\n\n\n\n<div style=\"height:36px\" aria-hidden=\"true\" class=\"wp-block-spacer\"><\/div>\n\n\n\n<h3 class=\"wp-block-heading has-text-color has-link-color wp-elements-697af8df3d2465a16a7049cc54cb8947\" id=\"park\" style=\"color:#d7a97d\">17. Informa\u010dn\u00ed centrum Krkono\u0161sk\u00e9ho n\u00e1rodn\u00edho parku<\/h3>\n\n\n\n<p><strong>Informa\u010dn\u00ed centrum Krkono\u0161sk\u00e9ho n\u00e1rodn\u00edho parku je m\u00edstem, kter\u00e9 stoj\u00ed za n\u00e1v\u0161t\u011bvu, pokud chcete skute\u010dn\u011b poznat a pro\u017e\u00edt, co Krkono\u0161e nab\u00edzej\u00ed.<\/strong> Nach\u00e1z\u00ed se v jednom z m\u00e1la dom\u016f zachovan\u00fdch v tradi\u010dn\u00edm krkono\u0161sk\u00e9m stylu, co\u017e ho samo o sob\u011b \u010din\u00ed jedine\u010dn\u00fdm.<\/p>\n\n\n\n<h4 class=\"wp-block-heading\">V\u00fdstavy, kter\u00e9 inspiruj\u00ed<\/h4>\n\n\n\n<p>Uvnit\u0159 najdete fascinuj\u00edc\u00ed geologickou a geomorfologickou expozici, dotykov\u00fd model V\u00fdchodn\u00edch Krkono\u0161 a p\u016fsobivou sb\u00edrku m\u00edstn\u00edch miner\u00e1l\u016f. Zvl\u00e1\u0161tn\u00ed atrakc\u00ed je tak\u00e9 <strong>3D panorama<\/strong> a <strong>mozaikov\u00e1 geologick\u00e1 mapa v\u00fdchodn\u00edch Krkono\u0161<\/strong> \u2013 opravdov\u00e1 lah\u016fdka pro milovn\u00edky geologie a um\u011bn\u00ed z\u00e1rove\u0148.<\/p>\n\n\n\n<h4 class=\"wp-block-heading\">Bylinkov\u00e1 zahrada a d\u016fm laboranta<\/h4>\n\n\n\n<p>Venku je <strong>Krkono\u0161sk\u00e1 bylinkov\u00e1 zahrada \u2013 m\u00edsto, kde m\u016f\u017eete poc\u00edtit ducha star\u00fdch bylink\u00e1\u0159\u016f a zbl\u00edzka se sezn\u00e1mit s m\u00edstn\u00ed fl\u00f3rou<\/strong>Tak\u00e9 stoj\u00ed za to se na to pod\u00edvat <strong>Laboratorn\u00ed d\u016fm<\/strong>, kter\u00e1 v\u011brn\u011b znovu zobrazuje re\u00e1lie pr\u00e1ce star\u00fdch krkono\u0161sk\u00fdch bylink\u00e1\u0159\u016f. <strong>Centrum nab\u00edz\u00ed tak\u00e9 praktick\u00e9 informace o stezk\u00e1ch, akc\u00edch a ochran\u011b p\u0159\u00edrody. <\/strong>\u2013 toto je ide\u00e1ln\u00ed znalostn\u00ed z\u00e1kladna, ne\u017e se vyd\u00e1te na dal\u0161\u00ed cestu.<\/p>\n\n\n\n<p><strong>Ceny vstupn\u00e9ho:<\/strong> Voln\u00fd, uvolnit<\/p>\n\n\n\n<p><strong>Otev\u00edrac\u00ed doba: <\/strong>Pond\u011bl\u00ed a\u017e p\u00e1tek od 9:00 do 16:00.<\/p>\n<\/div>\n\n\n\n<div class=\"wp-block-column is-layout-flow wp-block-column-is-layout-flow\" style=\"flex-basis:25%\"><\/div>\n\n\n\n<div class=\"wp-block-column is-layout-flow wp-block-column-is-layout-flow\" style=\"flex-basis:25%\"><\/div>\n<\/div>\n\n\n\n<div class=\"wp-block-columns is-layout-flex wp-container-core-columns-is-layout-9d6595d7 wp-block-columns-is-layout-flex\">\n<div class=\"wp-block-column is-layout-flow wp-block-column-is-layout-flow\" style=\"flex-basis:15%\"><\/div>\n\n\n\n<div class=\"wp-block-column is-layout-flow wp-block-column-is-layout-flow\" style=\"flex-basis:50%\">\n<h2 class=\"wp-block-heading has-text-color has-link-color wp-elements-8a21a1e9ea1c77e748161f341acf7150\" id=\"podsumowanie\" style=\"color:#d7a97d\">Co vid\u011bt v Karpaczi na dovolen\u00e9? Souhrn.<\/h2>\n\n\n\n<p>Bohat\u00e1 nab\u00eddka atrakc\u00ed v Karpaczi zahrnuje malebn\u00e9 horsk\u00e9 v\u00fdhledy, unik\u00e1tn\u00ed historick\u00e9 pam\u00e1tky a \u0159adu mo\u017enost\u00ed aktivn\u00edho odpo\u010dinku pro celou rodinu. Bez ohledu na preference nebo v\u011bk si zde ka\u017ed\u00fd najde to sv\u00e9. <strong>D\u00edky tomu je va\u0161e dovolen\u00e1 v Karpaczi nezapomenuteln\u00fdm z\u00e1\u017eitkem!<\/strong><\/p>\n<\/div>\n\n\n\n<div class=\"wp-block-column is-layout-flow wp-block-column-is-layout-flow\" style=\"flex-basis:25%\"><\/div>\n\n\n\n<div class=\"wp-block-column is-layout-flow wp-block-column-is-layout-flow\" style=\"flex-basis:25%\"><\/div>\n<\/div>\n\n\n\n<h2 class=\"wp-block-heading\"><\/h2>\n\n\n\n<hr class=\"wp-block-separator has-alpha-channel-opacity\"\/>\n\n\n<div class=\"wp-block-image\">\n<figure class=\"aligncenter size-full\"><img loading=\"lazy\" decoding=\"async\" width=\"1934\" height=\"610\" src=\"https:\/\/wonderhome.eu\/wp-content\/uploads\/2024\/07\/Kwiat-Zdjecie-Cytat-Wiosna-Facebook-Zdjecie-w-Tle-9.jpg\" alt=\"\" class=\"wp-image-2878\" srcset=\"https:\/\/wonderhome.eu\/wp-content\/uploads\/2024\/07\/Kwiat-Zdjecie-Cytat-Wiosna-Facebook-Zdjecie-w-Tle-9.jpg 1934w, https:\/\/wonderhome.eu\/wp-content\/uploads\/2024\/07\/Kwiat-Zdjecie-Cytat-Wiosna-Facebook-Zdjecie-w-Tle-9-300x95.jpg 300w, https:\/\/wonderhome.eu\/wp-content\/uploads\/2024\/07\/Kwiat-Zdjecie-Cytat-Wiosna-Facebook-Zdjecie-w-Tle-9-1024x323.jpg 1024w, https:\/\/wonderhome.eu\/wp-content\/uploads\/2024\/07\/Kwiat-Zdjecie-Cytat-Wiosna-Facebook-Zdjecie-w-Tle-9-768x242.jpg 768w, https:\/\/wonderhome.eu\/wp-content\/uploads\/2024\/07\/Kwiat-Zdjecie-Cytat-Wiosna-Facebook-Zdjecie-w-Tle-9-1536x484.jpg 1536w\" sizes=\"auto, (max-width: 1934px) 100vw, 1934px\" \/><\/figure>\n<\/div>\n\n\n<p style=\"font-size:16px\">Autor: Eliza Tomaka<\/p>\n\n\n\n<div style=\"height:51px\" aria-hidden=\"true\" class=\"wp-block-spacer\"><\/div>\n\n\n\n<hr class=\"wp-block-separator has-alpha-channel-opacity\"\/>\n\n\n\n<div style=\"height:100px\" aria-hidden=\"true\" class=\"wp-block-spacer\"><\/div>","protected":false},"featured_media":0,"template":"","categories":[33],"class_list":["post-2350","blog","type-blog","status-publish","hentry","category-karpacz"],"acf":[],"yoast_head":"<!-- This site is optimized with the Yoast SEO plugin v27.4 - https:\/\/yoast.com\/product\/yoast-seo-wordpress\/ -->\n<title>Co zobaczy\u0107 w Karpaczu? TOP 17 najciekawszych atrakcji - Wonder Home<\/title>\n<meta name=\"description\" content=\"Poznaj TOP 17 atrakcji turystycznych Karpacza, kt\u00f3re musisz zobaczy\u0107, aby w pe\u0142ni cieszy\u0107 si\u0119 urokami tego miasta!\" \/>\n<meta name=\"robots\" content=\"index, follow, max-snippet:-1, max-image-preview:large, max-video-preview:-1\" \/>\n<link rel=\"canonical\" href=\"https:\/\/wonderhome.eu\/cz\/blog\/co-zobaczyc-w-karpaczu-2\/\" \/>\n<meta property=\"og:locale\" content=\"cs_CZ\" \/>\n<meta property=\"og:type\" content=\"article\" \/>\n<meta property=\"og:title\" content=\"Co zobaczy\u0107 w Karpaczu? TOP 17 najciekawszych atrakcji - Wonder Home\" \/>\n<meta property=\"og:description\" content=\"Poznaj TOP 17 atrakcji turystycznych Karpacza, kt\u00f3re musisz zobaczy\u0107, aby w pe\u0142ni cieszy\u0107 si\u0119 urokami tego miasta!\" \/>\n<meta property=\"og:url\" content=\"https:\/\/wonderhome.eu\/cz\/blog\/co-zobaczyc-w-karpaczu-2\/\" \/>\n<meta property=\"og:site_name\" content=\"Wonder Home\" \/>\n<meta property=\"article:modified_time\" content=\"2025-10-21T12:37:49+00:00\" \/>\n<meta property=\"og:image\" content=\"https:\/\/wonderhome.eu\/wp-content\/uploads\/2022\/09\/logo-grey.png\" \/>\n\t<meta property=\"og:image:width\" content=\"500\" \/>\n\t<meta property=\"og:image:height\" content=\"71\" \/>\n\t<meta property=\"og:image:type\" content=\"image\/png\" \/>\n<meta name=\"twitter:card\" content=\"summary_large_image\" \/>\n<meta name=\"twitter:label1\" content=\"Odhadovan\u00e1 doba \u010dten\u00ed\" \/>\n\t<meta name=\"twitter:data1\" content=\"23 minut\" \/>\n<script type=\"application\/ld+json\" class=\"yoast-schema-graph\">{\"@context\":\"https:\\\/\\\/schema.org\",\"@graph\":[{\"@type\":\"WebPage\",\"@id\":\"https:\\\/\\\/wonderhome.eu\\\/blog\\\/co-zobaczyc-w-karpaczu-2\",\"url\":\"https:\\\/\\\/wonderhome.eu\\\/blog\\\/co-zobaczyc-w-karpaczu-2\",\"name\":\"Co zobaczy\u0107 w Karpaczu? TOP 17 najciekawszych atrakcji - Wonder Home\",\"isPartOf\":{\"@id\":\"https:\\\/\\\/wonderhome.eu\\\/#website\"},\"primaryImageOfPage\":{\"@id\":\"https:\\\/\\\/wonderhome.eu\\\/blog\\\/co-zobaczyc-w-karpaczu-2#primaryimage\"},\"image\":{\"@id\":\"https:\\\/\\\/wonderhome.eu\\\/blog\\\/co-zobaczyc-w-karpaczu-2#primaryimage\"},\"thumbnailUrl\":\"https:\\\/\\\/wonderhome.eu\\\/wp-content\\\/uploads\\\/2022\\\/09\\\/logo-grey.png\",\"datePublished\":\"2024-06-18T13:48:42+00:00\",\"dateModified\":\"2025-10-21T12:37:49+00:00\",\"description\":\"Poznaj TOP 17 atrakcji turystycznych Karpacza, kt\u00f3re musisz zobaczy\u0107, aby w pe\u0142ni cieszy\u0107 si\u0119 urokami tego miasta!\",\"inLanguage\":\"cs\",\"potentialAction\":[{\"@type\":\"ReadAction\",\"target\":[\"https:\\\/\\\/wonderhome.eu\\\/blog\\\/co-zobaczyc-w-karpaczu-2\"]}]},{\"@type\":\"ImageObject\",\"inLanguage\":\"cs\",\"@id\":\"https:\\\/\\\/wonderhome.eu\\\/blog\\\/co-zobaczyc-w-karpaczu-2#primaryimage\",\"url\":\"https:\\\/\\\/wonderhome.eu\\\/wp-content\\\/uploads\\\/2022\\\/09\\\/logo-grey.png\",\"contentUrl\":\"https:\\\/\\\/wonderhome.eu\\\/wp-content\\\/uploads\\\/2022\\\/09\\\/logo-grey.png\"},{\"@type\":\"WebSite\",\"@id\":\"https:\\\/\\\/wonderhome.eu\\\/#website\",\"url\":\"https:\\\/\\\/wonderhome.eu\\\/\",\"name\":\"Wonder Home\",\"description\":\"\",\"potentialAction\":[{\"@type\":\"SearchAction\",\"target\":{\"@type\":\"EntryPoint\",\"urlTemplate\":\"https:\\\/\\\/wonderhome.eu\\\/?s={search_term_string}\"},\"query-input\":{\"@type\":\"PropertyValueSpecification\",\"valueRequired\":true,\"valueName\":\"search_term_string\"}}],\"inLanguage\":\"cs\"}]}<\/script>\n<!-- \/ Yoast SEO plugin. -->","yoast_head_json":{"title":"Co vid\u011bt v Karpaczi? TOP 17 nejzaj\u00edmav\u011bj\u0161\u00edch atrakc\u00ed - Wonder Home","description":"Objevte 17 NEJLEP\u0160\u00cdCH turistick\u00fdch atrakc\u00ed v Karpaczi, kter\u00e9 mus\u00edte vid\u011bt, abyste si pln\u011b u\u017eili kouzlo tohoto m\u011bsta!","robots":{"index":"index","follow":"follow","max-snippet":"max-snippet:-1","max-image-preview":"max-image-preview:large","max-video-preview":"max-video-preview:-1"},"canonical":"https:\/\/wonderhome.eu\/cz\/blog\/co-zobaczyc-w-karpaczu-2\/","og_locale":"cs_CZ","og_type":"article","og_title":"Co zobaczy\u0107 w Karpaczu? TOP 17 najciekawszych atrakcji - Wonder Home","og_description":"Poznaj TOP 17 atrakcji turystycznych Karpacza, kt\u00f3re musisz zobaczy\u0107, aby w pe\u0142ni cieszy\u0107 si\u0119 urokami tego miasta!","og_url":"https:\/\/wonderhome.eu\/cz\/blog\/co-zobaczyc-w-karpaczu-2\/","og_site_name":"Wonder Home","article_modified_time":"2025-10-21T12:37:49+00:00","og_image":[{"width":500,"height":71,"url":"https:\/\/wonderhome.eu\/wp-content\/uploads\/2022\/09\/logo-grey.png","type":"image\/png"}],"twitter_card":"summary_large_image","twitter_misc":{"Odhadovan\u00e1 doba \u010dten\u00ed":"23 minut"},"schema":{"@context":"https:\/\/schema.org","@graph":[{"@type":"WebPage","@id":"https:\/\/wonderhome.eu\/blog\/co-zobaczyc-w-karpaczu-2","url":"https:\/\/wonderhome.eu\/blog\/co-zobaczyc-w-karpaczu-2","name":"Co vid\u011bt v Karpaczi? TOP 17 nejzaj\u00edmav\u011bj\u0161\u00edch atrakc\u00ed - Wonder Home","isPartOf":{"@id":"https:\/\/wonderhome.eu\/#website"},"primaryImageOfPage":{"@id":"https:\/\/wonderhome.eu\/blog\/co-zobaczyc-w-karpaczu-2#primaryimage"},"image":{"@id":"https:\/\/wonderhome.eu\/blog\/co-zobaczyc-w-karpaczu-2#primaryimage"},"thumbnailUrl":"https:\/\/wonderhome.eu\/wp-content\/uploads\/2022\/09\/logo-grey.png","datePublished":"2024-06-18T13:48:42+00:00","dateModified":"2025-10-21T12:37:49+00:00","description":"Objevte 17 NEJLEP\u0160\u00cdCH turistick\u00fdch atrakc\u00ed v Karpaczi, kter\u00e9 mus\u00edte vid\u011bt, abyste si pln\u011b u\u017eili kouzlo tohoto m\u011bsta!","inLanguage":"cs","potentialAction":[{"@type":"ReadAction","target":["https:\/\/wonderhome.eu\/blog\/co-zobaczyc-w-karpaczu-2"]}]},{"@type":"ImageObject","inLanguage":"cs","@id":"https:\/\/wonderhome.eu\/blog\/co-zobaczyc-w-karpaczu-2#primaryimage","url":"https:\/\/wonderhome.eu\/wp-content\/uploads\/2022\/09\/logo-grey.png","contentUrl":"https:\/\/wonderhome.eu\/wp-content\/uploads\/2022\/09\/logo-grey.png"},{"@type":"WebSite","@id":"https:\/\/wonderhome.eu\/#website","url":"https:\/\/wonderhome.eu\/","name":"Wonder Home","description":"","potentialAction":[{"@type":"SearchAction","target":{"@type":"EntryPoint","urlTemplate":"https:\/\/wonderhome.eu\/?s={search_term_string}"},"query-input":{"@type":"PropertyValueSpecification","valueRequired":true,"valueName":"search_term_string"}}],"inLanguage":"cs"}]}},"_links":{"self":[{"href":"https:\/\/wonderhome.eu\/cz\/wp-json\/wp\/v2\/blog\/2350","targetHints":{"allow":["GET"]}}],"collection":[{"href":"https:\/\/wonderhome.eu\/cz\/wp-json\/wp\/v2\/blog"}],"about":[{"href":"https:\/\/wonderhome.eu\/cz\/wp-json\/wp\/v2\/types\/blog"}],"wp:attachment":[{"href":"https:\/\/wonderhome.eu\/cz\/wp-json\/wp\/v2\/media?parent=2350"}],"wp:term":[{"taxonomy":"category","embeddable":true,"href":"https:\/\/wonderhome.eu\/cz\/wp-json\/wp\/v2\/categories?post=2350"}],"curies":[{"name":"wp","href":"https:\/\/api.w.org\/{rel}","templated":true}]}}