{"id":3013,"date":"2024-08-02T09:19:33","date_gmt":"2024-08-02T07:19:33","guid":{"rendered":"https:\/\/wonderhome.eu\/?post_type=blog&#038;p=3013"},"modified":"2025-10-21T14:37:37","modified_gmt":"2025-10-21T12:37:37","slug":"wakacje-z-psem-w-karpaczu","status":"publish","type":"blog","link":"https:\/\/wonderhome.eu\/cz\/blog\/wakacje-z-psem-w-karpaczu","title":{"rendered":"Dovolen\u00e1 se psem v Karpaczi - Praktick\u00fd pr\u016fvodce"},"content":{"rendered":"<h1 class=\"wp-block-heading has-text-align-center has-x-large-font-size\" style=\"font-style:normal;font-weight:800\">Dovolen\u00e1 se psem v Karpaczi - Co stoj\u00ed za to v\u011bd\u011bt?<\/h1>\n\n\n\n<hr class=\"wp-block-separator has-alpha-channel-opacity\"\/>\n\n\n\n<p><\/p>\n\n\n\n<div class=\"wp-block-group\"><div class=\"wp-block-group__inner-container is-layout-constrained wp-block-group-is-layout-constrained\"><div class=\"wp-block-image\">\n<figure class=\"aligncenter size-full is-resized\"><img loading=\"lazy\" decoding=\"async\" width=\"500\" height=\"71\" src=\"https:\/\/wonderhome.eu\/wp-content\/uploads\/2022\/09\/logo-grey.png\" alt=\"Logo firmy Wonder Home\" class=\"wp-image-645\" style=\"width:251px;height:auto\" srcset=\"https:\/\/wonderhome.eu\/wp-content\/uploads\/2022\/09\/logo-grey.png 500w, https:\/\/wonderhome.eu\/wp-content\/uploads\/2022\/09\/logo-grey-300x43.png 300w\" sizes=\"auto, (max-width: 500px) 100vw, 500px\" \/><\/figure>\n<\/div><\/div><\/div>\n\n\n\n<p class=\"has-text-align-center has-medium-font-size\" style=\"letter-spacing:3px;text-transform:uppercase\"><mark style=\"background-color:rgba(0, 0, 0, 0)\" class=\"has-inline-color has-black-color\">Cestovat <\/mark>blog<\/p>\n\n\n\n<p><\/p>\n\n\n<div class=\"wp-block-image\">\n<figure class=\"aligncenter size-large\"><img loading=\"lazy\" decoding=\"async\" width=\"1024\" height=\"323\" src=\"https:\/\/wonderhome.eu\/wp-content\/uploads\/2024\/07\/Kwiat-Zdjecie-Cytat-Wiosna-Facebook-Zdjecie-w-Tle-9-1024x323.jpg\" alt=\"\" class=\"wp-image-2878\" srcset=\"https:\/\/wonderhome.eu\/wp-content\/uploads\/2024\/07\/Kwiat-Zdjecie-Cytat-Wiosna-Facebook-Zdjecie-w-Tle-9-1024x323.jpg 1024w, https:\/\/wonderhome.eu\/wp-content\/uploads\/2024\/07\/Kwiat-Zdjecie-Cytat-Wiosna-Facebook-Zdjecie-w-Tle-9-300x95.jpg 300w, https:\/\/wonderhome.eu\/wp-content\/uploads\/2024\/07\/Kwiat-Zdjecie-Cytat-Wiosna-Facebook-Zdjecie-w-Tle-9-768x242.jpg 768w, https:\/\/wonderhome.eu\/wp-content\/uploads\/2024\/07\/Kwiat-Zdjecie-Cytat-Wiosna-Facebook-Zdjecie-w-Tle-9-1536x484.jpg 1536w, https:\/\/wonderhome.eu\/wp-content\/uploads\/2024\/07\/Kwiat-Zdjecie-Cytat-Wiosna-Facebook-Zdjecie-w-Tle-9.jpg 1934w\" sizes=\"auto, (max-width: 1024px) 100vw, 1024px\" \/><\/figure>\n<\/div>\n\n\n<div class=\"wp-block-columns is-layout-flex wp-container-core-columns-is-layout-9d6595d7 wp-block-columns-is-layout-flex\">\n<div class=\"wp-block-column is-layout-flow wp-block-column-is-layout-flow\" style=\"flex-basis:300px\"><\/div>\n\n\n\n<div class=\"wp-block-column is-layout-flow wp-block-column-is-layout-flow\">\n<div style=\"height:36px\" aria-hidden=\"true\" class=\"wp-block-spacer\"><\/div>\n\n\n\n<p class=\"has-text-align-center has-medium-font-size\">Pl\u00e1nov\u00e1n\u00ed dovolen\u00e9 se psem v Karpaczi m\u016f\u017ee b\u00fdt velkou v\u00fdzvou, ale tak\u00e9 velk\u00fdm dobrodru\u017estv\u00edm a p\u0159\u00edle\u017eitost\u00ed k upevn\u011bn\u00ed pouta. Zjist\u011bte, jak uspo\u0159\u00e1dat perfektn\u00ed v\u00fdlet se sv\u00fdm mazl\u00ed\u010dkem a zjist\u011bte, na co si d\u00e1t zvl\u00e1\u0161tn\u00ed pozor. <strong>Zde je souhrn znalost\u00ed pro ka\u017ed\u00e9ho, kdo chce str\u00e1vit b\u00e1je\u010dnou dovolenou v Krkono\u0161\u00edch ve spole\u010dnosti sv\u00e9ho psa!<\/strong><\/p>\n<\/div>\n\n\n\n<div class=\"wp-block-column is-layout-flow wp-block-column-is-layout-flow\" style=\"flex-basis:300px\"><\/div>\n<\/div>\n\n\n\n<div style=\"height:6px\" aria-hidden=\"true\" class=\"wp-block-spacer\"><\/div>\n\n\n\n<p class=\"has-text-align-center\"><\/p>\n\n\n\n<div class=\"wp-block-columns is-layout-flex wp-container-core-columns-is-layout-9d6595d7 wp-block-columns-is-layout-flex\">\n<div class=\"wp-block-column is-layout-flow wp-block-column-is-layout-flow\" style=\"flex-basis:15%\"><\/div>\n\n\n\n<div class=\"wp-block-column is-layout-flow wp-block-column-is-layout-flow\" style=\"flex-basis:50%\">\n<h4 class=\"wp-block-heading\"><strong>Obsah:<\/strong><\/h4>\n\n\n\n<ul class=\"wp-block-list\">\n<li style=\"font-size:17px\"><a href=\"#poznajhistorie\">Se psem v Karpaczi? Zjist\u011bte v\u00edce!<\/a><\/li>\n\n\n\n<li style=\"font-size:17px\"><a href=\"#atrakcje\">P\u0159\u00edpravy p\u0159ed odjezdem<\/a><\/li>\n\n\n\n<li style=\"font-size:17px\"><a href=\"#wang\">Co si vz\u00edt na v\u00fdlet<\/a><\/li>\n\n\n\n<li style=\"font-size:17px\"><a href=\"#infografika\">Infografika<\/a><\/li>\n\n\n\n<li style=\"font-size:17px\"><a href=\"#zakwa\">Ubytov\u00e1n\u00ed vhodn\u00e9 pro psy<\/a><\/li>\n\n\n\n<li style=\"font-size:17px\"><a href=\"#szlaki\">Turistick\u00e9 stezky vhodn\u00e9 pro psy<\/a><\/li>\n\n\n\n<li style=\"font-size:17px\"><a href=\"#rest\">Restaurace vhodn\u00e9 pro psy<\/a><\/li>\n\n\n\n<li style=\"font-size:17px\"><a href=\"#wet\">Veterin\u00e1rn\u00ed pomoc<\/a><\/li>\n\n\n\n<li style=\"font-size:17px\"><a href=\"#podsumowanie\">souhrn<\/a><\/li>\n<\/ul>\n\n\n\n<div style=\"height:51px\" aria-hidden=\"true\" class=\"wp-block-spacer\"><\/div>\n\n\n\n<h2 class=\"wp-block-heading\" id=\"poznajhistorie\">Se psem v Karpaczi? Zjist\u011bte v\u00edce!<\/h2>\n\n\n\n<p>Karpacz, malebn\u00e9 m\u011bste\u010dko le\u017e\u00edc\u00ed v srdci Krkono\u0161, je ide\u00e1ln\u00edm m\u00edstem pro dovolenou s va\u0161\u00edm mazl\u00ed\u010dkem. <strong>P\u0159i pl\u00e1nov\u00e1n\u00ed v\u00fdletu se psem se vyplat\u00ed p\u0159ipravit se na r\u016fzn\u00e9 situace, abyste zajistili pohodl\u00ed sob\u011b i sv\u00e9mu mazl\u00ed\u010dkovi. <\/strong><\/p>\n\n\n\n<p>D\u00edky na\u0161emu pr\u016fvodci se dozv\u00edte, jak\u00e1 m\u00edsta stoj\u00ed za to nav\u0161t\u00edvit, po jak\u00fdch stezk\u00e1ch se vydat a kde najdete restaurace a ubytov\u00e1n\u00ed vhodn\u00e9 pro psy. <strong>Pro\u017eijte nezapomenuteln\u00fd \u010das v Karpaczi a zjist\u011bte, kolik radosti m\u016f\u017ee dovolen\u00e1 se psem p\u0159in\u00e9st!<\/strong><\/p>\n\n\n\n<div style=\"height:36px\" aria-hidden=\"true\" class=\"wp-block-spacer\"><\/div>\n\n\n\n<h2 class=\"wp-block-heading\" id=\"atrakcje\">P\u0159\u00edpravy p\u0159ed odjezdem<\/h2>\n\n\n\n<p><strong>P\u0159ed odjezdem do Karpacze se vyplat\u00ed vz\u00edt psa na prohl\u00eddku k veterin\u00e1\u0159i<\/strong>. L\u00e9ka\u0159 zkontroluje celkov\u00fd zdravotn\u00ed stav zv\u00ed\u0159ete, aktualizuje o\u010dkov\u00e1n\u00ed, v\u010detn\u011b o\u010dkov\u00e1n\u00ed proti vzteklin\u011b, a porad\u00ed vhodnou ochranu proti blech\u00e1m a kl\u00ed\u0161\u0165at\u016fm. <\/p>\n\n\n\n<p><strong>D\u016fle\u017eit\u00e9 tak\u00e9 je, aby byl pes \u010dipovan\u00fd a m\u011bl identifika\u010dn\u00ed zn\u00e1mku, tzv adresu s kontaktn\u00edmi \u00fadaji majitele.<\/strong> To je mimo\u0159\u00e1dn\u011b u\u017eite\u010dn\u00e9 v p\u0159\u00edpad\u011b poh\u0159e\u0161ovan\u00e9ho zv\u00ed\u0159ete a umo\u017e\u0148uje efektivn\u00ed vyhled\u00e1v\u00e1n\u00ed.<\/p>\n\n\n\n<div style=\"height:36px\" aria-hidden=\"true\" class=\"wp-block-spacer\"><\/div>\n\n\n\n<h3 class=\"wp-block-heading\" id=\"wang\">Co si vz\u00edt na v\u00fdlet?<\/h3>\n\n\n\n<p>P\u0159i balen\u00ed na dovolenou se psem do Karpacze se vyplat\u00ed p\u0159ipravit si v\u0161echny pot\u0159ebn\u00e9 v\u011bci, kter\u00e9 zajist\u00ed jeho pohodl\u00ed a bezpe\u010d\u00ed. <strong>Zde jsou &quot;co mus\u00ed m\u00edt&quot; pro ka\u017ed\u00e9ho majitele psa:<\/strong><\/p>\n\n\n\n<ul class=\"wp-block-list\">\n<li><strong>J\u00eddlo a misky<\/strong> \u2013 nejl\u00e9pe takov\u00e9, na kter\u00e9 je pes ji\u017e zvykl\u00fd.<\/li>\n\n\n\n<li><strong>Skl\u00e1dac\u00ed cestovn\u00ed miska a l\u00e1hev na vodu<\/strong> - ide\u00e1ln\u00ed sada pro turistiku v hor\u00e1ch.<\/li>\n\n\n\n<li><strong>Postel a obl\u00edben\u00e9 hra\u010dky<\/strong> \u2013 pes se d\u00edky nim bude c\u00edtit bezpe\u010dn\u011bji.<\/li>\n\n\n\n<li><strong>Podvazky<\/strong> \u2013 jsou pohodln\u00e9 a psa neomezuj\u00ed v pohybu, nejl\u00e9pe na n\u011b p\u0159ipevnit ID \u0161t\u00edtek.<\/li>\n\n\n\n<li><strong>Vod\u00edtko tlum\u00edc\u00ed n\u00e1razy a del\u0161\u00ed \u0161\u0148\u016fra<\/strong> pro horsk\u00e9 cesty.<\/li>\n\n\n\n<li><strong>Opasek<\/strong> - poskytuje v\u011bt\u0161\u00ed volnost p\u0159i proch\u00e1zk\u00e1ch.<\/li>\n\n\n\n<li><strong>Bro\u017eura o zdrav\u00ed psa<\/strong> se sou\u010dasn\u00fdm o\u010dkov\u00e1n\u00edm.<\/li>\n\n\n\n<li><strong>S\u00e1\u010dek na hov\u00ednka<\/strong> \u2013 nutn\u00e9 p\u0159i proch\u00e1zk\u00e1ch po m\u011bst\u011b a po turistick\u00fdch stezk\u00e1ch.<\/li>\n\n\n\n<li><strong>Tren\u00e9\u0159i a pamlsky<\/strong> - ide\u00e1ln\u00ed na del\u0161\u00ed trasy.&nbsp;<\/li>\n\n\n\n<li><strong>Tlama (fyziologick\u00fd model)<\/strong> - pohodln\u00e9 pro psa a u\u017eite\u010dn\u00e9 na ve\u0159ejn\u00fdch m\u00edstech nebo v p\u0159\u00edpad\u011b nouze na stezce.<\/li>\n\n\n\n<li><strong>Ochrana proti kl\u00ed\u0161\u0165at\u016fm a blech\u00e1m<\/strong> (l\u00edmec\/sprej\/kapky).<\/li>\n\n\n\n<li><strong>Svrchn\u00ed od\u011bvy a boty<\/strong> - u\u017eite\u010dn\u00e9 v zim\u011b pro psy, kte\u0159\u00ed nemaj\u00ed podsadu. Boty chr\u00e1n\u00ed tlapky psa p\u0159ed po\u0159ez\u00e1n\u00edm na kamenit\u00e9m ter\u00e9nu a na rozp\u00e1len\u00e9m asfaltu.<\/li>\n\n\n\n<li><strong>PRVN\u00cd POMOC<\/strong> - obvaz, g\u00e1za, peroxid vod\u00edku a l\u00e9ky od veterin\u00e1\u0159e.<\/li>\n<\/ul>\n\n\n\n<div style=\"height:33px\" aria-hidden=\"true\" class=\"wp-block-spacer\"><\/div>\n\n\n\n<hr class=\"wp-block-separator has-alpha-channel-opacity\"\/>\n\n\n\n<p>\u2757Pamatuj\u2757&nbsp;<\/p>\n\n\n\n<p><strong>Krmen\u00ed psa bezprost\u0159edn\u011b p\u0159ed intenzivn\u00ed fyzickou z\u00e1t\u011b\u017e\u00ed m\u016f\u017ee v\u00e9st k torzi \u017ealudku, kter\u00e1 m\u016f\u017ee m\u00edt za n\u00e1sledek smrt zv\u00ed\u0159ete. J\u00eddlo by m\u011blo b\u00fdt pod\u00e1v\u00e1no nejpozd\u011bji 3-4 hodiny p\u0159ed vykro\u010den\u00edm na stezku, nebo dop\u0159ejte sv\u00e9mu mazl\u00ed\u010dkovi vydatnou ve\u010de\u0159i den p\u0159edem. Dal\u0161\u00ed porci krmiva by m\u011bl pes dostat a\u017e po cest\u011b.<\/strong><\/p>\n\n\n\n<hr class=\"wp-block-separator has-alpha-channel-opacity\"\/>\n\n\n\n<div style=\"height:33px\" aria-hidden=\"true\" class=\"wp-block-spacer\"><\/div>\n<\/div>\n\n\n\n<div class=\"wp-block-column is-layout-flow wp-block-column-is-layout-flow\" style=\"flex-basis:25%\">\n<div class=\"wp-block-group is-nowrap is-layout-flex wp-container-core-group-is-layout-ad2f72ca wp-block-group-is-layout-flex\">\n<div style=\"height:100px;width:0px\" aria-hidden=\"true\" class=\"wp-block-spacer wp-container-content-6388d5dc\"><\/div>\n<\/div>\n\n\n<div class=\"wp-block-image\">\n<figure class=\"alignright size-large\"><img loading=\"lazy\" decoding=\"async\" width=\"589\" height=\"1024\" src=\"https:\/\/wonderhome.eu\/wp-content\/uploads\/2024\/08\/pexels-bertellifotografia-1906153-589x1024.jpg\" alt=\"Rudy pies biegn\u0105cy po trawniku\" class=\"wp-image-3147\" srcset=\"https:\/\/wonderhome.eu\/wp-content\/uploads\/2024\/08\/pexels-bertellifotografia-1906153-589x1024.jpg 589w, https:\/\/wonderhome.eu\/wp-content\/uploads\/2024\/08\/pexels-bertellifotografia-1906153-173x300.jpg 173w, https:\/\/wonderhome.eu\/wp-content\/uploads\/2024\/08\/pexels-bertellifotografia-1906153-768x1335.jpg 768w, https:\/\/wonderhome.eu\/wp-content\/uploads\/2024\/08\/pexels-bertellifotografia-1906153-883x1536.jpg 883w, https:\/\/wonderhome.eu\/wp-content\/uploads\/2024\/08\/pexels-bertellifotografia-1906153-1178x2048.jpg 1178w, https:\/\/wonderhome.eu\/wp-content\/uploads\/2024\/08\/pexels-bertellifotografia-1906153-7x12.jpg 7w, https:\/\/wonderhome.eu\/wp-content\/uploads\/2024\/08\/pexels-bertellifotografia-1906153-scaled.jpg 621w\" sizes=\"auto, (max-width: 589px) 100vw, 589px\" \/><figcaption class=\"wp-element-caption\"> <\/figcaption><\/figure>\n<\/div>\n\n\n<div style=\"height:100px\" aria-hidden=\"true\" class=\"wp-block-spacer\"><\/div>\n\n\n\n<figure class=\"wp-block-image size-large\"><img loading=\"lazy\" decoding=\"async\" width=\"683\" height=\"1024\" src=\"https:\/\/wonderhome.eu\/wp-content\/uploads\/2024\/08\/pexels-mikhail-nilov-7469233-683x1024.jpg\" alt=\"Pies badany przez weterynarza\" class=\"wp-image-3161\" srcset=\"https:\/\/wonderhome.eu\/wp-content\/uploads\/2024\/08\/pexels-mikhail-nilov-7469233-683x1024.jpg 683w, https:\/\/wonderhome.eu\/wp-content\/uploads\/2024\/08\/pexels-mikhail-nilov-7469233-200x300.jpg 200w, https:\/\/wonderhome.eu\/wp-content\/uploads\/2024\/08\/pexels-mikhail-nilov-7469233-768x1152.jpg 768w, https:\/\/wonderhome.eu\/wp-content\/uploads\/2024\/08\/pexels-mikhail-nilov-7469233-1024x1536.jpg 1024w, https:\/\/wonderhome.eu\/wp-content\/uploads\/2024\/08\/pexels-mikhail-nilov-7469233-1365x2048.jpg 1365w, https:\/\/wonderhome.eu\/wp-content\/uploads\/2024\/08\/pexels-mikhail-nilov-7469233-8x12.jpg 8w, https:\/\/wonderhome.eu\/wp-content\/uploads\/2024\/08\/pexels-mikhail-nilov-7469233-scaled.jpg 720w\" sizes=\"auto, (max-width: 683px) 100vw, 683px\" \/><\/figure>\n<\/div>\n\n\n\n<div class=\"wp-block-column is-layout-flow wp-block-column-is-layout-flow\" style=\"flex-basis:25%\"><\/div>\n<\/div>\n\n\n\n<p class=\"has-text-align-center\"><\/p>\n\n\n\n<div class=\"wp-block-columns is-layout-flex wp-container-core-columns-is-layout-9d6595d7 wp-block-columns-is-layout-flex\">\n<div class=\"wp-block-column is-layout-flow wp-block-column-is-layout-flow\" style=\"flex-basis:15%\"><\/div>\n\n\n\n<div class=\"wp-block-column is-layout-flow wp-block-column-is-layout-flow\" style=\"flex-basis:50%\">\n<h2 class=\"wp-block-heading\" id=\"zakwa\">Ubytov\u00e1n\u00ed vhodn\u00e9 pro psy \ud83c\udfe0<\/h2>\n\n\n\n<p>Karpacz nab\u00edz\u00ed mnoho ubytovac\u00edch m\u00edst, kter\u00e1 akceptuj\u00ed dom\u00e1c\u00ed mazl\u00ed\u010dky. <strong>Jedn\u00edm z takov\u00fdch m\u00edst jsou Wonder Home Apartments, kter\u00e9 jsou p\u0159\u00e1telsk\u00e9 zejm\u00e9na k host\u016fm se psy. <\/strong>Na\u0161e prostory nab\u00edzej\u00ed snadn\u00fd p\u0159\u00edstup k p\u011b\u0161\u00edm z\u00f3n\u00e1m a ve\u0161ker\u00e9 vybaven\u00ed pot\u0159ebn\u00e9 pro pohodln\u00fd pobyt s va\u0161\u00edm mazl\u00ed\u010dkem.&nbsp;<\/p>\n\n\n\n<p><strong>Na na\u0161em webu m\u00e1me speci\u00e1ln\u00ed filtr, kter\u00fd t\u0159\u00edd\u00ed dostupn\u00e9 apartm\u00e1ny podle mo\u017enosti ubytov\u00e1n\u00ed s dom\u00e1c\u00edm mazl\u00ed\u010dkem.<\/strong> <\/p>\n\n\n\n<p>Krom\u011b toho je ka\u017ed\u00e9 m\u00edsto vhodn\u00e9 pro dom\u00e1c\u00ed mazl\u00ed\u010dky <strong>z\u0159eteln\u011b ozna\u010den\u00e9 ikonou ps\u00ed tlapky<\/strong>. D\u00edky tomu na\u0161i host\u00e9 snadno najdou to, co pot\u0159ebuj\u00ed. <strong>P\u0159i rezervaci se vyplat\u00ed zeptat se na p\u0159\u00edpadn\u00e9 dal\u0161\u00ed poplatky souvisej\u00edc\u00ed s pobytem psa a p\u0159\u00edpadn\u00e9 zvl\u00e1\u0161tn\u00ed po\u017eadavky t\u00fdkaj\u00edc\u00ed se zv\u00ed\u0159at.<\/strong><\/p>\n\n\n\n<div style=\"height:36px\" aria-hidden=\"true\" class=\"wp-block-spacer\"><\/div>\n\n\n<div class=\"wp-block-image\">\n<figure class=\"aligncenter size-large\"><img loading=\"lazy\" decoding=\"async\" width=\"1024\" height=\"407\" src=\"https:\/\/wonderhome.eu\/wp-content\/uploads\/2024\/08\/Zrzut-ekranu-2024-07-31-132055-1024x407.jpg\" alt=\"\" class=\"wp-image-3160\" srcset=\"https:\/\/wonderhome.eu\/wp-content\/uploads\/2024\/08\/Zrzut-ekranu-2024-07-31-132055-1024x407.jpg 1024w, https:\/\/wonderhome.eu\/wp-content\/uploads\/2024\/08\/Zrzut-ekranu-2024-07-31-132055-300x119.jpg 300w, https:\/\/wonderhome.eu\/wp-content\/uploads\/2024\/08\/Zrzut-ekranu-2024-07-31-132055-768x306.jpg 768w, https:\/\/wonderhome.eu\/wp-content\/uploads\/2024\/08\/Zrzut-ekranu-2024-07-31-132055-18x7.jpg 18w, https:\/\/wonderhome.eu\/wp-content\/uploads\/2024\/08\/Zrzut-ekranu-2024-07-31-132055.jpg 1209w\" sizes=\"auto, (max-width: 1024px) 100vw, 1024px\" \/><figcaption class=\"wp-element-caption\"><a href=\"https:\/\/wonderhome.eu\/cz\/apartament\/1591\/21260\/\">Odkaz na byt<\/a><\/figcaption><\/figure>\n<\/div>\n\n\n<div style=\"height:36px\" aria-hidden=\"true\" class=\"wp-block-spacer\"><\/div>\n\n\n<div class=\"wp-block-image\">\n<figure class=\"aligncenter size-large\"><img loading=\"lazy\" decoding=\"async\" width=\"1024\" height=\"373\" src=\"https:\/\/wonderhome.eu\/wp-content\/uploads\/2024\/08\/Zrzut-ekranu-2024-08-01-160223-1024x373.jpg\" alt=\"\" class=\"wp-image-3164\" srcset=\"https:\/\/wonderhome.eu\/wp-content\/uploads\/2024\/08\/Zrzut-ekranu-2024-08-01-160223-1024x373.jpg 1024w, https:\/\/wonderhome.eu\/wp-content\/uploads\/2024\/08\/Zrzut-ekranu-2024-08-01-160223-300x109.jpg 300w, https:\/\/wonderhome.eu\/wp-content\/uploads\/2024\/08\/Zrzut-ekranu-2024-08-01-160223-768x280.jpg 768w, https:\/\/wonderhome.eu\/wp-content\/uploads\/2024\/08\/Zrzut-ekranu-2024-08-01-160223-18x7.jpg 18w, https:\/\/wonderhome.eu\/wp-content\/uploads\/2024\/08\/Zrzut-ekranu-2024-08-01-160223.jpg 1184w\" sizes=\"auto, (max-width: 1024px) 100vw, 1024px\" \/><figcaption class=\"wp-element-caption\"><a href=\"https:\/\/wonderhome.eu\/cz\/apartament\/1004\/111\/\">Odkaz na byt<\/a><\/figcaption><\/figure>\n<\/div>\n\n\n<div style=\"height:36px\" aria-hidden=\"true\" class=\"wp-block-spacer\"><\/div>\n\n\n\n<h2 class=\"wp-block-heading\" id=\"szlaki\">Turistick\u00e9 stezky vhodn\u00e9 pro psy \ud83c\udf92<\/h2>\n\n\n\n<p>Krkono\u0161sk\u00fd n\u00e1rodn\u00ed park je jedn\u00edm z nejdostupn\u011bj\u0161\u00edch m\u00edst pro ps\u00ed spole\u010dnost. Karpacz je ide\u00e1ln\u00edm v\u00fdchoz\u00edm bodem pro objevov\u00e1n\u00ed p\u016fvab\u016f Krkono\u0161. <strong>V okol\u00ed je t\u00e9m\u011b\u0159 100 km malebn\u00fdch turistick\u00fdch tras, kter\u00e9 jsou p\u0159\u00e1telsk\u00e9 k dom\u00e1c\u00edm mazl\u00ed\u010dk\u016fm. <\/strong>Ne\u017e si v\u0161ak napl\u00e1nujete v\u00fdlet se sv\u00fdm mazl\u00ed\u010dkem, nezapome\u0148te si ov\u011b\u0159it aktu\u00e1ln\u00ed informace na ofici\u00e1ln\u00edch str\u00e1nk\u00e1ch KPN - <a href=\"https:\/\/kpnmab.pl\/mapa-szlakow-dopuszczonych-do-wedrowek-z-psami-1977\/n\"><strong>Mapa uzav\u0159en\u00fdch tras a tras povolen\u00fdch pro p\u011b\u0161\u00ed turistiku se psy.<\/strong><\/a><\/p>\n\n\n\n<p>Ne v\u0161echny stezky jsou povoleny pro dom\u00e1c\u00ed mazl\u00ed\u010dky a na jin\u00fdch m\u00edstech se doporu\u010duje zvl\u00e1\u0161tn\u00ed opatrnost. <strong>Je to nutn\u00e9 kv\u016fli parkov\u00fdm p\u0159edpis\u016fm, jejich\u017e \u00fakolem je chr\u00e1nit m\u00edstn\u00ed faunu a fl\u00f3ru. <\/strong><\/p>\n\n\n\n<div style=\"height:36px\" aria-hidden=\"true\" class=\"wp-block-spacer\"><\/div>\n\n\n\n<hr class=\"wp-block-separator has-alpha-channel-opacity\"\/>\n\n\n\n<p><strong>\u2757Pamatuj\u2757<\/strong><\/p>\n\n\n\n<p><strong>Psi MUS\u00cd B\u00ddT NA VOD\u00cdTKU v Krkono\u0161sk\u00e9m n\u00e1rodn\u00edm parku!<\/strong><\/p>\n\n\n\n<hr class=\"wp-block-separator has-alpha-channel-opacity\"\/>\n\n\n\n<div style=\"height:36px\" aria-hidden=\"true\" class=\"wp-block-spacer\"><\/div>\n\n\n\n<p>V\u0161echny stezky jsou vhodn\u011b zna\u010deny informa\u010dn\u00edmi tabulemi, a to jak ty nep\u0159\u00edstupn\u00e9 ps\u016fm, tak ty, kde se m\u016f\u017eete vydat na t\u00faru se sv\u00fdm mazl\u00ed\u010dkem. <strong>Podle aktu\u00e1ln\u00edch informac\u00ed dostupn\u00fdch na str\u00e1nk\u00e1ch Krkono\u0161sk\u00e9ho n\u00e1rodn\u00edho parku m\u016f\u017eeme se psem vyrazit do t\u011bchto m\u00edst:<\/strong><\/p>\n\n\n\n<p class=\"has-medium-font-size\"><strong>Sn\u011bhurka \ud83c\udf04:<\/strong><\/p>\n\n\n\n<ul class=\"wp-block-list\">\n<li>\ud83e\udda0 <strong>modr\u00fd<\/strong> po turistick\u00e9 stezce (od kostela Wang) p\u0159es horskou chatu Samotnia, Strzecha Akademicka a Dom \u015al\u0105ski.&nbsp;<\/li>\n\n\n\n<li>\u2b1b po \u010dern\u00e9 turistick\u00e9 zna\u010dce, tzv Slezskou cestou p\u0159es Bia\u0142y Jar Kocio\u0142 a Kopu sm\u011brem k pr\u016fsmyku Pod \u015anie\u017ck\u0105.&nbsp;<\/li>\n\n\n\n<li>po stezce z Wilcza Por\u0119ba (okres Karpacz), p\u0159es Sowia Dolinu a \u010deskou \u00fatulnu Jelenka.<\/li>\n<\/ul>\n\n\n\n<p class=\"has-medium-font-size\"><strong>Slune\u010dnice \ud83c\udf3b:<\/strong>&nbsp;<\/p>\n\n\n\n<ul class=\"wp-block-list\">\n<li>\ud83e\ude00 \u017elut\u00e1 turistick\u00e1 stezka (od kostela Wang)<\/li>\n\n\n\n<li>\ud83e\udd65 po \u010derven\u00e9 turistick\u00e9 zna\u010dce (h\u0159eben)<\/li>\n\n\n\n<li>\ud83e\udda0 <strong>modr\u00fd<\/strong> a \ud83e\udd65 <strong>\u010derven\u00fd<\/strong> po stezce vedouc\u00ed od horsk\u00e9ho \u00fatulku PTTK Samotnia vhodn\u00e9ho pro dom\u00e1c\u00ed mazl\u00ed\u010dky;<\/li>\n<\/ul>\n\n\n\n<p class=\"has-medium-font-size\"><strong>Sn\u011bhov\u00e9 kotle\ud83c\udfd4\ufe0f:<\/strong>&nbsp;<\/p>\n\n\n\n<ul class=\"wp-block-list\">\n<li>\ud83e\ude00 <strong>\u017elu\u0165<\/strong> po turistick\u00e9 zna\u010dce ze Szklarsk\u00e9 Por\u0119by (p\u0159es p\u0159\u00edst\u0159e\u0161ek pod \u0141abskim Szczytem).<\/li>\n\n\n\n<li>del\u0161\u00ed varianta, t\u00fara ze Szklarsk\u00e9 Por\u0119by, p\u0159es vodop\u00e1d Kamie\u0144czyk a \u00fatulnu PTTK v Hale Szrenicka.<\/li>\n<\/ul>\n\n\n\n<p class=\"has-medium-font-size\"><strong>T\u0159i pras\u00e1tka \ud83d\udc37\ud83d\udc37\ud83d\udc37:<\/strong><\/p>\n\n\n\n<ul class=\"wp-block-list\">\n<li>\ud83e\udd65 <strong>\u010derven\u00fd<\/strong> po turistick\u00e9 zna\u010dce (h\u0159eben)<\/li>\n\n\n\n<li>\ud83e\udd65 <strong>\u010derven\u00fd<\/strong> po turistick\u00e9 zna\u010dce p\u0159es vodop\u00e1d Kamie\u0144czyk (vych\u00e1zej\u00edc\u00ed ze Szklarsk\u00e9 Por\u0119by);<\/li>\n<\/ul>\n\n\n\n<p class=\"has-medium-font-size\"><strong>Hala Szrenicka<\/strong> \ud83c\udf32<\/p>\n\n\n\n<p style=\"font-size:16px\">Ka\u017ed\u00e1 stezka krom\u011b zelen\u00e9 \u015acie\u017cka pod Reglami - p\u0159edpisy KPN), nap\u0159 <strong>\u010derven\u00fd<\/strong> po stezce od vodop\u00e1du Kamie\u0144czyk.<\/p>\n\n\n\n<p class=\"has-medium-font-size\"><strong>Hrad Chojnik \ud83c\udff0<\/strong><\/p>\n\n\n\n<p style=\"font-size:16px\">Ze Sobiesz\u00f3wa po stezce \u2b1b <strong>\u010dern\u00fd<\/strong> (n\u00e1ro\u010dn\u011bj\u0161\u00ed) nebo \ud83e\udd65 <strong>\u010derven\u00fd<\/strong> (snaz\u0161\u00ed stezka, d\u00e1 se po n\u00ed cestovat s ko\u010d\u00e1rkem).<\/p>\n\n\n\n<p class=\"has-medium-font-size\"><strong>K\u0159i\u017eovatka pod Wielki Szyszak\ud83c\udf43:<\/strong><\/p>\n\n\n\n<ul class=\"wp-block-list\">\n<li>\ud83e\udda0 po modr\u00e9 turistick\u00e9 zna\u010dce z Wysoki Most,<\/li>\n\n\n\n<li>\ud83d\udfe5 po \u010derven\u00e9 turistick\u00e9 zna\u010dce (tzv. Cesta polsko-\u010desk\u00e9ho p\u0159\u00e1telstv\u00ed);<\/li>\n<\/ul>\n\n\n\n<div style=\"height:36px\" aria-hidden=\"true\" class=\"wp-block-spacer\"><\/div>\n\n\n\n<hr class=\"wp-block-separator has-alpha-channel-opacity\"\/>\n\n\n\n<p><strong>\u2757Pamatuj\u2757<\/strong><\/p>\n\n\n\n<p><strong>Za sp\u00e1ch\u00e1n\u00ed p\u0159estupku m\u016f\u017ee str\u00e1\u017ece KPN ulo\u017eit pokutu od 500 do 1000 PLN, nap\u0159. p\u0159i vych\u00e1zce se psem po zak\u00e1zan\u00fdch cest\u00e1ch a nedr\u017een\u00ed na vod\u00edtku. Za p\u0159ipomenut\u00ed stoj\u00ed, \u017ee c\u00edlem Krkono\u0161sk\u00e9ho n\u00e1rodn\u00edho parku je ochrana p\u0159\u00edrody a \u0161\u00ed\u0159en\u00ed ekologick\u00e9ho pov\u011bdom\u00ed mezi n\u00e1v\u0161t\u011bvn\u00edky.<\/strong> \ud83e\udd8a\ud83c\udf32<\/p>\n\n\n\n<hr class=\"wp-block-separator has-alpha-channel-opacity\"\/>\n\n\n\n<div style=\"height:36px\" aria-hidden=\"true\" class=\"wp-block-spacer\"><\/div>\n<\/div>\n\n\n\n<div class=\"wp-block-column is-layout-flow wp-block-column-is-layout-flow\" style=\"flex-basis:25%\">\n<figure class=\"wp-block-image size-full\"><img loading=\"lazy\" decoding=\"async\" width=\"574\" height=\"826\" src=\"https:\/\/wonderhome.eu\/wp-content\/uploads\/2024\/08\/Zrzut-ekranu-2024-07-31-131944.jpg\" alt=\"Filtr na stronie WOnder Home\" class=\"wp-image-3158\" srcset=\"https:\/\/wonderhome.eu\/wp-content\/uploads\/2024\/08\/Zrzut-ekranu-2024-07-31-131944.jpg 574w, https:\/\/wonderhome.eu\/wp-content\/uploads\/2024\/08\/Zrzut-ekranu-2024-07-31-131944-208x300.jpg 208w, https:\/\/wonderhome.eu\/wp-content\/uploads\/2024\/08\/Zrzut-ekranu-2024-07-31-131944-8x12.jpg 8w\" sizes=\"auto, (max-width: 574px) 100vw, 574px\" \/><\/figure>\n<\/div>\n\n\n\n<div class=\"wp-block-column is-layout-flow wp-block-column-is-layout-flow\" style=\"flex-basis:25%\"><\/div>\n<\/div>\n\n\n\n<div class=\"wp-block-file aligncenter\"><a id=\"wp-block-file--media-64e7922c-84c1-48e1-a923-56cf76166844\" href=\"https:\/\/wonderhome.eu\/wp-content\/uploads\/2024\/08\/Z-psem.jpg\"><strong>Infografika &quot;Se psem v lese&quot;<\/strong><\/a><a href=\"https:\/\/wonderhome.eu\/wp-content\/uploads\/2024\/08\/Z-psem.jpg\" class=\"wp-block-file__button wp-element-button\" download aria-describedby=\"wp-block-file--media-64e7922c-84c1-48e1-a923-56cf76166844\">Sta\u017een\u00ed<\/a><\/div>\n\n\n\n<h3 class=\"wp-block-heading\"><\/h3>\n\n\n<div class=\"wp-block-image\">\n<figure class=\"aligncenter size-large\" id=\"infografika\"><img loading=\"lazy\" decoding=\"async\" width=\"1024\" height=\"585\" src=\"https:\/\/wonderhome.eu\/wp-content\/uploads\/2024\/08\/Z-psem-1-1024x585.jpg\" alt=\"Infografika z informacjami &quot;Z psem w lesie&quot;\" class=\"wp-image-3157\" srcset=\"https:\/\/wonderhome.eu\/wp-content\/uploads\/2024\/08\/Z-psem-1-1024x585.jpg 1024w, https:\/\/wonderhome.eu\/wp-content\/uploads\/2024\/08\/Z-psem-1-300x171.jpg 300w, https:\/\/wonderhome.eu\/wp-content\/uploads\/2024\/08\/Z-psem-1-768x439.jpg 768w, https:\/\/wonderhome.eu\/wp-content\/uploads\/2024\/08\/Z-psem-1-18x10.jpg 18w, https:\/\/wonderhome.eu\/wp-content\/uploads\/2024\/08\/Z-psem-1.jpg 1050w\" sizes=\"auto, (max-width: 1024px) 100vw, 1024px\" \/><\/figure>\n<\/div>\n\n\n<p class=\"has-text-align-center\">Zdarma infografika s nejd\u016fle\u017eit\u011bj\u0161\u00edmi informacemi ke sta\u017een\u00ed<\/p>\n\n\n\n<div style=\"height:36px\" aria-hidden=\"true\" class=\"wp-block-spacer\"><\/div>\n\n\n\n<div class=\"wp-block-columns is-layout-flex wp-container-core-columns-is-layout-9d6595d7 wp-block-columns-is-layout-flex\">\n<div class=\"wp-block-column is-layout-flow wp-block-column-is-layout-flow\" style=\"flex-basis:15%\"><\/div>\n\n\n\n<div class=\"wp-block-column is-layout-flow wp-block-column-is-layout-flow\" style=\"flex-basis:50%\">\n<h2 class=\"wp-block-heading\" id=\"rest\">Restaurace vhodn\u00e9 pro psy<\/h2>\n\n\n\n<p>V Karpaczi je mnoho vynikaj\u00edc\u00edch restaurac\u00ed, kter\u00e9 p\u0159ij\u00edmaj\u00ed psy. <strong>N\u00ed\u017ee je uveden seznam n\u011bkolika osv\u011bd\u010den\u00fdch m\u00edst, kter\u00e1 stoj\u00ed za to doporu\u010dit:<\/strong><\/p>\n\n\n\n<p class=\"has-medium-font-size\"><strong>Petiho restaurace<\/strong> \ud83c\udf72<\/p>\n\n\n\n<p>\ud83c\udfda\ufe0f ul. Parkowa 10, Karpacz - vedle Centra Kolorowa, \ud83d\udcde+48 756 439 220<\/p>\n\n\n\n<p><a href=\"https:\/\/www.upetiego.pl\/restauracja\/\">@ Webov\u00e9 str\u00e1nky<\/a><\/p>\n\n\n\n<p class=\"has-medium-font-size\"><strong>Restaurace Galeria Smak\u00f3w <\/strong>\ud83c\udf74<\/p>\n\n\n\n<p>\ud83c\udfda\ufe0f ul. Konstytucji 3-ego Maja 35a, Karpacz, \ud83d\udcde+48 728 739 257<\/p>\n\n\n\n<p><a href=\"https:\/\/galeria-smakow.eatbu.com\/?lang=pl#contact\">@ Webov\u00e9 str\u00e1nky<\/a><\/p>\n\n\n\n<p class=\"has-medium-font-size\"><strong>Restaurace Dw\u00f3r Liczyrzepy<\/strong> \ud83c\udff0<\/p>\n\n\n\n<p>\ud83c\udfda\ufe0f ul. Obro\u0144c\u00f3w Pokoju 4B, Karpacz, \ud83d\udcde+48 757 619 337<\/p>\n\n\n\n<p><a href=\"https:\/\/www.dworliczyrzepy.pl\/\">@ Webov\u00e9 str\u00e1nky<\/a><\/p>\n\n\n\n<p class=\"has-medium-font-size\"><strong>Pivovar a restaurace Sowiduch <\/strong>\ud83d\udc7b<\/p>\n\n\n\n<p>\ud83c\udfda\ufe0f Konstytucji 3-ego Maja 45 A\/Prvn\u00ed patro, Karpacz, \ud83d\udcde+48 726 166 166<\/p>\n\n\n\n<p><a href=\"https:\/\/www.sowiduch.pl\/rezerwacja-stolika\/\">@ Webov\u00e9 str\u00e1nky<\/a><\/p>\n\n\n\n<p class=\"has-medium-font-size\"><strong>Pod popelem <\/strong>\ud83c\udf33<\/p>\n\n\n\n<p>\ud83c\udfda\ufe0f ul. Krkono\u0161sk\u00e1 12, Karpacz, \ud83d\udcde+48 757 618 914<\/p>\n\n\n\n<p><a href=\"http:\/\/www.pod-jesionami.pl\/\">@ Webov\u00e9 str\u00e1nky<\/a><\/p>\n\n\n\n<p class=\"has-medium-font-size\"><strong>Restaurace Szum i Rosa<\/strong>&nbsp;\ud83d\udca7<\/p>\n\n\n\n<p><strong>\ud83c\udfda\ufe0f ul. Hasi\u010d 2b, Karpacz<\/strong>,&nbsp;<strong>\ud83d\udcde<\/strong>+48 572 642 302<\/p>\n\n\n\n<p><strong>@&nbsp;<\/strong><a href=\"https:\/\/szumirosa.pl\/kontakt\/\" target=\"_blank\" rel=\"noreferrer noopener\">webov\u00e1 str\u00e1nka<\/a><\/p>\n\n\n\n<p class=\"has-medium-font-size\"><strong>Restaurace Mamma Mia<\/strong> \ud83d\udc83<\/p>\n\n\n\n<p>\ud83c\udfda\ufe0f ul. Krkono\u0161sk\u00e1 1, Karpacz, \ud83d\udcde+48 791 716 555<\/p>\n\n\n\n<p><a href=\"https:\/\/www.lesnydwor.karpacz.pl\/restauracja\">@ Webov\u00e9 str\u00e1nky<\/a><\/p>\n\n\n<div class=\"wp-block-image\">\n<figure class=\"aligncenter size-large\"><img loading=\"lazy\" decoding=\"async\" width=\"1024\" height=\"683\" src=\"https:\/\/wonderhome.eu\/wp-content\/uploads\/2024\/07\/pexels-bekka419-1452717-1024x683.jpg\" alt=\"Cz\u0142owiek z psem na szczycie g\u00f3ry podziwiaj\u0105 wsch\u00f3d s\u0142o\u0144ca\" class=\"wp-image-3132\" srcset=\"https:\/\/wonderhome.eu\/wp-content\/uploads\/2024\/07\/pexels-bekka419-1452717-1024x683.jpg 1024w, https:\/\/wonderhome.eu\/wp-content\/uploads\/2024\/07\/pexels-bekka419-1452717-300x200.jpg 300w, https:\/\/wonderhome.eu\/wp-content\/uploads\/2024\/07\/pexels-bekka419-1452717-768x512.jpg 768w, https:\/\/wonderhome.eu\/wp-content\/uploads\/2024\/07\/pexels-bekka419-1452717-1536x1024.jpg 1536w, https:\/\/wonderhome.eu\/wp-content\/uploads\/2024\/07\/pexels-bekka419-1452717-2048x1365.jpg 2048w, https:\/\/wonderhome.eu\/wp-content\/uploads\/2024\/07\/pexels-bekka419-1452717-18x12.jpg 18w, https:\/\/wonderhome.eu\/wp-content\/uploads\/2024\/07\/pexels-bekka419-1452717-scaled.jpg 1620w\" sizes=\"auto, (max-width: 1024px) 100vw, 1024px\" \/><\/figure>\n<\/div>\n\n\n<div style=\"height:36px\" aria-hidden=\"true\" class=\"wp-block-spacer\"><\/div>\n\n\n\n<h2 class=\"wp-block-heading\" id=\"wet\">Veterin\u00e1rn\u00ed pomoc \ud83e\ude7a<\/h2>\n\n\n\n<p>Forewarned je v\u017edy poji\u0161t\u011bn, proto jsme tak\u00e9 p\u0159ipravili seznam<strong> osv\u011bd\u010den\u00e9 veterin\u00e1rn\u00ed kancel\u00e1\u0159e v oblasti Karpacz:<\/strong><\/p>\n\n\n\n<p class=\"has-medium-font-size\">\ud83d\udc15 <strong>Veterin\u00e1rn\u00ed ordinace Kowary<\/strong> \ud83d\udc15<\/p>\n\n\n\n<p>ulice Jeleniog\u00f3rska 8, Kowary, \ud83d\udcde +48 510 959 959<\/p>\n\n\n\n<p><a href=\"https:\/\/kowary.wet-klinika.pl\/\">Odkaz<\/a><\/p>\n\n\n\n<p class=\"has-medium-font-size\">\ud83d\udc3e <strong>4 Veterin\u00e1rn\u00ed centrum \u0141APY <\/strong>\ud83d\udc3e<\/p>\n\n\n\n<p>ulice Kiepury 69\/1C, Jelenia G\u00f3ra, \ud83d\udcde +48 531 229 944<\/p>\n\n\n\n<p><a href=\"https:\/\/www.lecznica.4lapy.jgora.pl\/\">Odkaz<\/a><\/p>\n\n\n\n<p class=\"has-medium-font-size\">\ud83d\udc36 <strong>\u00dato\u010di\u0161t\u011b. Veterin\u00e1rn\u00ed klinika<\/strong> \ud83d\udc36<\/p>\n\n\n\n<p>ulice Wiejska 81G, Jelenia G\u00f3ra, \ud83d\udcde +48 756 439 510<\/p>\n\n\n\n<p><a href=\"https:\/\/lecznica-ostoja.blogspot.com\/\">Odkaz<\/a><\/p>\n\n\n\n<p class=\"has-medium-font-size\">\ud83d\udc15\u200d\ud83e\uddba <strong>Zv\u00ed\u0159ec\u00ed klinika ERJOT v Jelen\u00ed Ho\u0159e <\/strong>\ud83d\udc15\u200d\ud83e\uddba<\/p>\n\n\n\n<p>ulice Grunwaldzka 62, Jelenia G\u00f3ra, \ud83d\udcde +48 757 543 931<\/p>\n\n\n\n<p><strong>Otev\u0159eno 24 hodin denn\u011b, <\/strong><a href=\"https:\/\/wet-klinika.pl\/\">Odkaz<\/a><\/p>\n\n\n\n<div style=\"height:36px\" aria-hidden=\"true\" class=\"wp-block-spacer\"><\/div>\n<\/div>\n\n\n\n<div class=\"wp-block-column is-layout-flow wp-block-column-is-layout-flow\" style=\"flex-basis:25%\"><div class=\"wp-block-image\">\n<figure class=\"aligncenter size-large\"><img loading=\"lazy\" decoding=\"async\" width=\"683\" height=\"1024\" src=\"https:\/\/wonderhome.eu\/wp-content\/uploads\/2024\/08\/pexels-zisan-ozdemir-53442109-27369904-683x1024.jpg\" alt=\"\" class=\"wp-image-3162\" srcset=\"https:\/\/wonderhome.eu\/wp-content\/uploads\/2024\/08\/pexels-zisan-ozdemir-53442109-27369904-683x1024.jpg 683w, https:\/\/wonderhome.eu\/wp-content\/uploads\/2024\/08\/pexels-zisan-ozdemir-53442109-27369904-200x300.jpg 200w, https:\/\/wonderhome.eu\/wp-content\/uploads\/2024\/08\/pexels-zisan-ozdemir-53442109-27369904-768x1152.jpg 768w, https:\/\/wonderhome.eu\/wp-content\/uploads\/2024\/08\/pexels-zisan-ozdemir-53442109-27369904-1024x1536.jpg 1024w, https:\/\/wonderhome.eu\/wp-content\/uploads\/2024\/08\/pexels-zisan-ozdemir-53442109-27369904-1365x2048.jpg 1365w, https:\/\/wonderhome.eu\/wp-content\/uploads\/2024\/08\/pexels-zisan-ozdemir-53442109-27369904-8x12.jpg 8w, https:\/\/wonderhome.eu\/wp-content\/uploads\/2024\/08\/pexels-zisan-ozdemir-53442109-27369904-scaled.jpg 720w\" sizes=\"auto, (max-width: 683px) 100vw, 683px\" \/><\/figure>\n<\/div><\/div>\n\n\n\n<div class=\"wp-block-column is-layout-flow wp-block-column-is-layout-flow\" style=\"flex-basis:25%\"><\/div>\n<\/div>\n\n\n\n<div class=\"wp-block-columns is-layout-flex wp-container-core-columns-is-layout-9d6595d7 wp-block-columns-is-layout-flex\">\n<div class=\"wp-block-column is-layout-flow wp-block-column-is-layout-flow\" style=\"flex-basis:15%\"><\/div>\n\n\n\n<div class=\"wp-block-column is-layout-flow wp-block-column-is-layout-flow\" style=\"flex-basis:50%\">\n<h2 class=\"wp-block-heading\" id=\"podsumowanie\">Dovolen\u00e1 se psem v Karpaczi. Shrnut\u00ed.<\/h2>\n\n\n\n<p>Dovolen\u00e1 se psem v Karpaczi m\u016f\u017ee b\u00fdt pro v\u00e1s i va\u0161eho mazl\u00ed\u010dka velk\u00fdm dobrodru\u017estv\u00edm. <strong>Kl\u00ed\u010dem k \u00fasp\u011b\u0161n\u00e9mu v\u00fdletu je spr\u00e1vn\u00e1 p\u0159\u00edprava a pozornost k pot\u0159eb\u00e1m a bezpe\u010dnosti va\u0161eho mazl\u00ed\u010dka. <\/strong>D\u00edky tomu si vy i v\u00e1\u0161 pes budete moci naplno u\u017e\u00edt v\u0161echna kouzla Karpacze!<\/p>\n<\/div>\n\n\n\n<div class=\"wp-block-column is-layout-flow wp-block-column-is-layout-flow\" style=\"flex-basis:25%\"><\/div>\n\n\n\n<div class=\"wp-block-column is-layout-flow wp-block-column-is-layout-flow\" style=\"flex-basis:25%\"><\/div>\n<\/div>\n\n\n\n<h2 class=\"wp-block-heading\"><\/h2>\n\n\n\n<hr class=\"wp-block-separator has-alpha-channel-opacity\"\/>\n\n\n<div class=\"wp-block-image\">\n<figure class=\"aligncenter size-full\"><img loading=\"lazy\" decoding=\"async\" width=\"1934\" height=\"610\" src=\"https:\/\/wonderhome.eu\/wp-content\/uploads\/2024\/07\/Kwiat-Zdjecie-Cytat-Wiosna-Facebook-Zdjecie-w-Tle-9.jpg\" alt=\"\" class=\"wp-image-2878\" srcset=\"https:\/\/wonderhome.eu\/wp-content\/uploads\/2024\/07\/Kwiat-Zdjecie-Cytat-Wiosna-Facebook-Zdjecie-w-Tle-9.jpg 1934w, https:\/\/wonderhome.eu\/wp-content\/uploads\/2024\/07\/Kwiat-Zdjecie-Cytat-Wiosna-Facebook-Zdjecie-w-Tle-9-300x95.jpg 300w, https:\/\/wonderhome.eu\/wp-content\/uploads\/2024\/07\/Kwiat-Zdjecie-Cytat-Wiosna-Facebook-Zdjecie-w-Tle-9-1024x323.jpg 1024w, https:\/\/wonderhome.eu\/wp-content\/uploads\/2024\/07\/Kwiat-Zdjecie-Cytat-Wiosna-Facebook-Zdjecie-w-Tle-9-768x242.jpg 768w, https:\/\/wonderhome.eu\/wp-content\/uploads\/2024\/07\/Kwiat-Zdjecie-Cytat-Wiosna-Facebook-Zdjecie-w-Tle-9-1536x484.jpg 1536w\" sizes=\"auto, (max-width: 1934px) 100vw, 1934px\" \/><\/figure>\n<\/div>\n\n\n<p style=\"font-size:16px\">Autor: Eliza Tomaka<\/p>\n\n\n\n<div style=\"height:51px\" aria-hidden=\"true\" class=\"wp-block-spacer\"><\/div>\n\n\n\n<hr class=\"wp-block-separator has-alpha-channel-opacity\"\/>\n\n\n\n<div style=\"height:100px\" aria-hidden=\"true\" class=\"wp-block-spacer\"><\/div>","protected":false},"featured_media":0,"template":"","categories":[33],"class_list":["post-3013","blog","type-blog","status-publish","hentry","category-karpacz"],"acf":[],"yoast_head":"<!-- This site is optimized with the Yoast SEO plugin v27.4 - https:\/\/yoast.com\/product\/yoast-seo-wordpress\/ -->\n<title>Wakacje z psem w Karpaczu - Praktyczny Poradnik - Wonder Home<\/title>\n<meta name=\"description\" content=\"Planujesz wakacje z psem w Karpaczu? Przeczytaj nasz praktyczny poradnik dotycz\u0105cy atrakcji i bezpiecze\u0144stwa Twojego pupila!\" \/>\n<meta name=\"robots\" content=\"index, follow, max-snippet:-1, max-image-preview:large, max-video-preview:-1\" \/>\n<link rel=\"canonical\" href=\"https:\/\/wonderhome.eu\/cz\/blog\/wakacje-z-psem-w-karpaczu\/\" \/>\n<meta property=\"og:locale\" content=\"cs_CZ\" \/>\n<meta property=\"og:type\" content=\"article\" \/>\n<meta property=\"og:title\" content=\"Wakacje z psem w Karpaczu - Praktyczny Poradnik - Wonder Home\" \/>\n<meta property=\"og:description\" content=\"Planujesz wakacje z psem w Karpaczu? Przeczytaj nasz praktyczny poradnik dotycz\u0105cy atrakcji i bezpiecze\u0144stwa Twojego pupila!\" \/>\n<meta property=\"og:url\" content=\"https:\/\/wonderhome.eu\/cz\/blog\/wakacje-z-psem-w-karpaczu\/\" \/>\n<meta property=\"og:site_name\" content=\"Wonder Home\" \/>\n<meta property=\"article:modified_time\" content=\"2025-10-21T12:37:37+00:00\" \/>\n<meta property=\"og:image\" content=\"https:\/\/wonderhome.eu\/wp-content\/uploads\/2022\/09\/logo-grey.png\" \/>\n\t<meta property=\"og:image:width\" content=\"500\" \/>\n\t<meta property=\"og:image:height\" content=\"71\" \/>\n\t<meta property=\"og:image:type\" content=\"image\/png\" \/>\n<meta name=\"twitter:card\" content=\"summary_large_image\" \/>\n<meta name=\"twitter:label1\" content=\"Odhadovan\u00e1 doba \u010dten\u00ed\" \/>\n\t<meta name=\"twitter:data1\" content=\"10 minut\" \/>\n<script type=\"application\/ld+json\" class=\"yoast-schema-graph\">{\"@context\":\"https:\\\/\\\/schema.org\",\"@graph\":[{\"@type\":\"WebPage\",\"@id\":\"https:\\\/\\\/wonderhome.eu\\\/blog\\\/wakacje-z-psem-w-karpaczu\",\"url\":\"https:\\\/\\\/wonderhome.eu\\\/blog\\\/wakacje-z-psem-w-karpaczu\",\"name\":\"Wakacje z psem w Karpaczu - Praktyczny Poradnik - Wonder Home\",\"isPartOf\":{\"@id\":\"https:\\\/\\\/wonderhome.eu\\\/#website\"},\"primaryImageOfPage\":{\"@id\":\"https:\\\/\\\/wonderhome.eu\\\/blog\\\/wakacje-z-psem-w-karpaczu#primaryimage\"},\"image\":{\"@id\":\"https:\\\/\\\/wonderhome.eu\\\/blog\\\/wakacje-z-psem-w-karpaczu#primaryimage\"},\"thumbnailUrl\":\"https:\\\/\\\/wonderhome.eu\\\/wp-content\\\/uploads\\\/2022\\\/09\\\/logo-grey.png\",\"datePublished\":\"2024-08-02T07:19:33+00:00\",\"dateModified\":\"2025-10-21T12:37:37+00:00\",\"description\":\"Planujesz wakacje z psem w Karpaczu? Przeczytaj nasz praktyczny poradnik dotycz\u0105cy atrakcji i bezpiecze\u0144stwa Twojego pupila!\",\"inLanguage\":\"cs\",\"potentialAction\":[{\"@type\":\"ReadAction\",\"target\":[\"https:\\\/\\\/wonderhome.eu\\\/blog\\\/wakacje-z-psem-w-karpaczu\"]}]},{\"@type\":\"ImageObject\",\"inLanguage\":\"cs\",\"@id\":\"https:\\\/\\\/wonderhome.eu\\\/blog\\\/wakacje-z-psem-w-karpaczu#primaryimage\",\"url\":\"https:\\\/\\\/wonderhome.eu\\\/wp-content\\\/uploads\\\/2022\\\/09\\\/logo-grey.png\",\"contentUrl\":\"https:\\\/\\\/wonderhome.eu\\\/wp-content\\\/uploads\\\/2022\\\/09\\\/logo-grey.png\"},{\"@type\":\"WebSite\",\"@id\":\"https:\\\/\\\/wonderhome.eu\\\/#website\",\"url\":\"https:\\\/\\\/wonderhome.eu\\\/\",\"name\":\"Wonder Home\",\"description\":\"\",\"potentialAction\":[{\"@type\":\"SearchAction\",\"target\":{\"@type\":\"EntryPoint\",\"urlTemplate\":\"https:\\\/\\\/wonderhome.eu\\\/?s={search_term_string}\"},\"query-input\":{\"@type\":\"PropertyValueSpecification\",\"valueRequired\":true,\"valueName\":\"search_term_string\"}}],\"inLanguage\":\"cs\"}]}<\/script>\n<!-- \/ Yoast SEO plugin. -->","yoast_head_json":{"title":"Wakacje z psem w Karpaczu - Praktyczny Poradnik - Wonder Home","description":"Planujesz wakacje z psem w Karpaczu? Przeczytaj nasz praktyczny poradnik dotycz\u0105cy atrakcji i bezpiecze\u0144stwa Twojego pupila!","robots":{"index":"index","follow":"follow","max-snippet":"max-snippet:-1","max-image-preview":"max-image-preview:large","max-video-preview":"max-video-preview:-1"},"canonical":"https:\/\/wonderhome.eu\/cz\/blog\/wakacje-z-psem-w-karpaczu\/","og_locale":"cs_CZ","og_type":"article","og_title":"Wakacje z psem w Karpaczu - Praktyczny Poradnik - Wonder Home","og_description":"Planujesz wakacje z psem w Karpaczu? Przeczytaj nasz praktyczny poradnik dotycz\u0105cy atrakcji i bezpiecze\u0144stwa Twojego pupila!","og_url":"https:\/\/wonderhome.eu\/cz\/blog\/wakacje-z-psem-w-karpaczu\/","og_site_name":"Wonder Home","article_modified_time":"2025-10-21T12:37:37+00:00","og_image":[{"width":500,"height":71,"url":"https:\/\/wonderhome.eu\/wp-content\/uploads\/2022\/09\/logo-grey.png","type":"image\/png"}],"twitter_card":"summary_large_image","twitter_misc":{"Odhadovan\u00e1 doba \u010dten\u00ed":"10 minut"},"schema":{"@context":"https:\/\/schema.org","@graph":[{"@type":"WebPage","@id":"https:\/\/wonderhome.eu\/blog\/wakacje-z-psem-w-karpaczu","url":"https:\/\/wonderhome.eu\/blog\/wakacje-z-psem-w-karpaczu","name":"Wakacje z psem w Karpaczu - Praktyczny Poradnik - Wonder Home","isPartOf":{"@id":"https:\/\/wonderhome.eu\/#website"},"primaryImageOfPage":{"@id":"https:\/\/wonderhome.eu\/blog\/wakacje-z-psem-w-karpaczu#primaryimage"},"image":{"@id":"https:\/\/wonderhome.eu\/blog\/wakacje-z-psem-w-karpaczu#primaryimage"},"thumbnailUrl":"https:\/\/wonderhome.eu\/wp-content\/uploads\/2022\/09\/logo-grey.png","datePublished":"2024-08-02T07:19:33+00:00","dateModified":"2025-10-21T12:37:37+00:00","description":"Planujesz wakacje z psem w Karpaczu? Przeczytaj nasz praktyczny poradnik dotycz\u0105cy atrakcji i bezpiecze\u0144stwa Twojego pupila!","inLanguage":"cs","potentialAction":[{"@type":"ReadAction","target":["https:\/\/wonderhome.eu\/blog\/wakacje-z-psem-w-karpaczu"]}]},{"@type":"ImageObject","inLanguage":"cs","@id":"https:\/\/wonderhome.eu\/blog\/wakacje-z-psem-w-karpaczu#primaryimage","url":"https:\/\/wonderhome.eu\/wp-content\/uploads\/2022\/09\/logo-grey.png","contentUrl":"https:\/\/wonderhome.eu\/wp-content\/uploads\/2022\/09\/logo-grey.png"},{"@type":"WebSite","@id":"https:\/\/wonderhome.eu\/#website","url":"https:\/\/wonderhome.eu\/","name":"Wonder Home","description":"","potentialAction":[{"@type":"SearchAction","target":{"@type":"EntryPoint","urlTemplate":"https:\/\/wonderhome.eu\/?s={search_term_string}"},"query-input":{"@type":"PropertyValueSpecification","valueRequired":true,"valueName":"search_term_string"}}],"inLanguage":"cs"}]}},"_links":{"self":[{"href":"https:\/\/wonderhome.eu\/cz\/wp-json\/wp\/v2\/blog\/3013","targetHints":{"allow":["GET"]}}],"collection":[{"href":"https:\/\/wonderhome.eu\/cz\/wp-json\/wp\/v2\/blog"}],"about":[{"href":"https:\/\/wonderhome.eu\/cz\/wp-json\/wp\/v2\/types\/blog"}],"wp:attachment":[{"href":"https:\/\/wonderhome.eu\/cz\/wp-json\/wp\/v2\/media?parent=3013"}],"wp:term":[{"taxonomy":"category","embeddable":true,"href":"https:\/\/wonderhome.eu\/cz\/wp-json\/wp\/v2\/categories?post=3013"}],"curies":[{"name":"wp","href":"https:\/\/api.w.org\/{rel}","templated":true}]}}