{"id":5534,"date":"2024-12-18T10:07:18","date_gmt":"2024-12-18T09:07:18","guid":{"rendered":"https:\/\/wonderhome.eu\/?post_type=blog&#038;p=5534"},"modified":"2025-10-21T14:36:33","modified_gmt":"2025-10-21T12:36:33","slug":"boze-narodzenie-w-karpaczu-swietuj-z-wonder-home","status":"publish","type":"blog","link":"https:\/\/wonderhome.eu\/cz\/blog\/boze-narodzenie-w-karpaczu-swietuj-z-wonder-home","title":{"rendered":"V\u00e1noce v Karpaczi? Oslavte s Wonder Home!"},"content":{"rendered":"<h1 class=\"wp-block-heading has-text-align-center has-x-large-font-size\" style=\"font-style:normal;font-weight:800\">V\u00e1noce v Karpaczi? Oslavte s Wonder Home!<\/h1>\n\n\n\n<hr class=\"wp-block-separator has-alpha-channel-opacity\"\/>\n\n\n\n<p><\/p>\n\n\n\n<div class=\"wp-block-group\"><div class=\"wp-block-group__inner-container is-layout-constrained wp-block-group-is-layout-constrained\"><div class=\"wp-block-image\">\n<figure class=\"aligncenter size-full is-resized\"><img loading=\"lazy\" decoding=\"async\" width=\"500\" height=\"71\" src=\"https:\/\/wonderhome.eu\/wp-content\/uploads\/2022\/09\/logo-grey.png\" alt=\"Logo firmy Wonder Home\" class=\"wp-image-645\" style=\"width:251px;height:auto\" srcset=\"https:\/\/wonderhome.eu\/wp-content\/uploads\/2022\/09\/logo-grey.png 500w, https:\/\/wonderhome.eu\/wp-content\/uploads\/2022\/09\/logo-grey-300x43.png 300w\" sizes=\"auto, (max-width: 500px) 100vw, 500px\" \/><\/figure>\n<\/div><\/div><\/div>\n\n\n\n<p class=\"has-text-align-center has-medium-font-size\" style=\"letter-spacing:3px;text-transform:uppercase\"><mark style=\"background-color:rgba(0, 0, 0, 0)\" class=\"has-inline-color has-black-color\">Cestovat <\/mark>blog<\/p>\n\n\n\n<p><\/p>\n\n\n<div class=\"wp-block-image\">\n<figure class=\"aligncenter size-large\"><img loading=\"lazy\" decoding=\"async\" width=\"1024\" height=\"323\" src=\"https:\/\/wonderhome.eu\/wp-content\/uploads\/2024\/07\/Kwiat-Zdjecie-Cytat-Wiosna-Facebook-Zdjecie-w-Tle-9-1024x323.jpg\" alt=\"\" class=\"wp-image-2878\" srcset=\"https:\/\/wonderhome.eu\/wp-content\/uploads\/2024\/07\/Kwiat-Zdjecie-Cytat-Wiosna-Facebook-Zdjecie-w-Tle-9-1024x323.jpg 1024w, https:\/\/wonderhome.eu\/wp-content\/uploads\/2024\/07\/Kwiat-Zdjecie-Cytat-Wiosna-Facebook-Zdjecie-w-Tle-9-300x95.jpg 300w, https:\/\/wonderhome.eu\/wp-content\/uploads\/2024\/07\/Kwiat-Zdjecie-Cytat-Wiosna-Facebook-Zdjecie-w-Tle-9-768x242.jpg 768w, https:\/\/wonderhome.eu\/wp-content\/uploads\/2024\/07\/Kwiat-Zdjecie-Cytat-Wiosna-Facebook-Zdjecie-w-Tle-9-1536x484.jpg 1536w, https:\/\/wonderhome.eu\/wp-content\/uploads\/2024\/07\/Kwiat-Zdjecie-Cytat-Wiosna-Facebook-Zdjecie-w-Tle-9.jpg 1934w\" sizes=\"auto, (max-width: 1024px) 100vw, 1024px\" \/><\/figure>\n<\/div>\n\n\n<div class=\"wp-block-columns is-layout-flex wp-container-core-columns-is-layout-9d6595d7 wp-block-columns-is-layout-flex\">\n<div class=\"wp-block-column is-layout-flow wp-block-column-is-layout-flow\" style=\"flex-basis:300px\"><\/div>\n\n\n\n<div class=\"wp-block-column is-layout-flow wp-block-column-is-layout-flow\">\n<div style=\"height:36px\" aria-hidden=\"true\" class=\"wp-block-spacer\"><\/div>\n\n\n\n<p class=\"has-text-align-center has-medium-font-size\">V\u00e1noce na hor\u00e1ch jsou v\u00edc ne\u017e jen p\u00e1r dn\u00ed dovolen\u00e9 \u2013 jsou to chv\u00edle pln\u00e9 kouzel, kter\u00e9 v\u00e1m z\u016fstanou dlouho v pam\u011bti. V Karpaczi najdete v\u0161e, co ozvl\u00e1\u0161tn\u00ed dovolenou: zasn\u011b\u017eenou krajinu, teplo krbu, n\u00e1dhern\u00fd v\u00fdhled na Krkono\u0161e a spoustu vybaven\u00ed pro na\u0161e hosty. S Wonder Home m\u016f\u017eete poc\u00edtit pravou v\u00e1no\u010dn\u00ed atmosf\u00e9ru bez starost\u00ed o detaily. Pod\u00edvejte se, pro\u010d se vyplat\u00ed pl\u00e1novat V\u00e1noce zde!<\/p>\n<\/div>\n\n\n\n<div class=\"wp-block-column is-layout-flow wp-block-column-is-layout-flow\" style=\"flex-basis:300px\"><\/div>\n<\/div>\n\n\n\n<div style=\"height:6px\" aria-hidden=\"true\" class=\"wp-block-spacer\"><\/div>\n\n\n\n<div class=\"wp-block-columns is-layout-flex wp-container-core-columns-is-layout-9d6595d7 wp-block-columns-is-layout-flex\">\n<div class=\"wp-block-column is-layout-flow wp-block-column-is-layout-flow\" style=\"flex-basis:25%\"><\/div>\n\n\n\n<div class=\"wp-block-column is-layout-flow wp-block-column-is-layout-flow\" style=\"flex-basis:50%\">\n<h4 class=\"wp-block-heading\"><strong>Obsah:<\/strong><\/h4>\n\n\n\n<ul class=\"wp-block-list\">\n<li style=\"font-size:17px\"><a href=\"#poznajhistorie\">Pro\u010d se vyplat\u00ed vybrat si na V\u00e1noce Karpacz?<\/a><\/li>\n\n\n\n<li style=\"font-size:17px\"><a href=\"#atrakcje\">Perfektn\u00ed apartm\u00e1ny na V\u00e1noce \u2013 Wonder Home<\/a><\/li>\n\n\n\n<li style=\"font-size:17px\"><a href=\"#zalety\">V\u00e1no\u010dn\u00ed catering dovezen\u00fd a\u017e ke dve\u0159\u00edm va\u0161eho bytu<\/a><\/li>\n\n\n\n<li style=\"font-size:17px\"><a href=\"#info\">Zimn\u00ed aktivity na dosah ruky<\/a><\/li>\n\n\n\n<li style=\"font-size:17px\"><a href=\"#sklep\">Wonder Store \u2013 V\u0161e, co pot\u0159ebujete k leto\u0161n\u00edm V\u00e1noc\u016fm<\/a><\/li>\n\n\n\n<li style=\"font-size:17px\"><a href=\"#rumba\">Dal\u0161\u00ed vybaven\u00ed pro hosty Wonder Home - Wonder World<\/a><\/li>\n\n\n\n<li style=\"font-size:17px\"><a href=\"#podsumowanie\">souhrn<\/a><\/li>\n<\/ul>\n\n\n\n<div style=\"height:49px\" aria-hidden=\"true\" class=\"wp-block-spacer\"><\/div>\n\n\n\n<h2 class=\"wp-block-heading has-text-align-left has-text-color has-link-color wp-elements-f50dfbdf3925fdb09cfef01bfeec1691\" id=\"poznajhistorie\" style=\"color:#d7a97d\">Pro\u010d se vyplat\u00ed vybrat si na V\u00e1noce Karpacz?<\/h2>\n\n\n\n<p>Karpacz v zim\u011b pot\u011b\u0161\u00ed sv\u00fdm jedine\u010dn\u00fdm kouzlem. Zasn\u011b\u017een\u00e9 lesy a v\u00fdhled na majest\u00e1tn\u00ed Krkono\u0161e vytv\u00e1\u0159ej\u00ed dokonalou v\u00e1no\u010dn\u00ed krajinu. <strong>V\u00e1noce v Karpaczi jsou tak\u00e9 z\u00e1rukou zimn\u00edho po\u010das\u00ed. <\/strong>Zat\u00edmco v jin\u00fdch \u010d\u00e1stech zem\u011b se sn\u00edh st\u00e1v\u00e1 vz\u00e1cnost\u00ed, v Karpaczi jsou b\u00edl\u00e9 V\u00e1noce t\u00e9m\u011b\u0159 samoz\u0159ejmost\u00ed. Je to ide\u00e1ln\u00ed m\u00edsto pro lidi, kte\u0159\u00ed cht\u011bj\u00ed naplno za\u017e\u00edt kouzlo V\u00e1noc.<\/p>\n\n\n\n<p>V zim\u011b m\u011bsto pot\u011b\u0161\u00ed sv\u00e1te\u010dn\u00ed atmosf\u00e9rou - osv\u011btlen\u00e9 ulice, ozdoben\u00e9 v\u00e1no\u010dn\u00ed stromky a m\u00edstn\u00ed atrakce zp\u0159\u00edjem\u0148uj\u00ed atmosf\u00e9ru V\u00e1noc. <strong>Karpacz nab\u00edz\u00ed jak bl\u00edzkost p\u0159\u00edrody, tak p\u0159\u00edstup k zaj\u00edmav\u00fdm m\u00edst\u016fm, jako jsou muzea, m\u00edstn\u00ed restaurace a sjezdovky.<\/strong><\/p>\n\n\n\n<div style=\"height:39px\" aria-hidden=\"true\" class=\"wp-block-spacer\"><\/div>\n\n\n\n<hr class=\"wp-block-separator has-alpha-channel-opacity\"\/>\n\n\n\n<div style=\"height:39px\" aria-hidden=\"true\" class=\"wp-block-spacer\"><\/div>\n\n\n\n<div class=\"wp-block-cover has-parallax\" style=\"min-height:260px;aspect-ratio:unset;\"><div class=\"wp-block-cover__image-background wp-image-5545 has-parallax\" style=\"background-position:50% 50%;background-image:url(https:\/\/wonderhome.eu\/wp-content\/uploads\/2024\/12\/4-min-3.jpg)\"><\/div><span aria-hidden=\"true\" class=\"wp-block-cover__background has-background-dim\" style=\"background-color:#433137\"><\/span><div class=\"wp-block-cover__inner-container is-layout-constrained wp-block-cover-is-layout-constrained\">\n<p class=\"has-text-align-center has-white-color has-text-color has-link-color has-large-font-size wp-elements-25ae0c13b296795f4a4f130e18ca4c75\" id=\"atrakcje\"><strong>Perfektn\u00ed apartm\u00e1ny na V\u00e1noce - Wonder Home<\/strong><\/p>\n<\/div><\/div>\n\n\n\n<div style=\"height:10px\" aria-hidden=\"true\" class=\"wp-block-spacer\"><\/div>\n\n\n\n<p><strong><a href=\"https:\/\/wonderhome.eu\/cz\/zainspiruj_sie\/apartamenty-blisko-stokow-w-karpaczu\/\" target=\"_blank\" rel=\"noreferrer noopener\">Wonder Home Apartments<\/a> je m\u00edstem, kde se sv\u00e1te\u010dn\u00ed atmosf\u00e9ra snoub\u00ed s pohodl\u00edm a modern\u00edm designem.<\/strong> V\u0161echny prostory jsou vyzdobeny s d\u016frazem na nejmen\u0161\u00ed detail. <strong>Jsme na skv\u011bl\u00fdch m\u00edstech \u2013 oboj\u00ed <a href=\"https:\/\/wonderhome.eu\/cz\/zainspiruj_sie\/boze-narodzenie-w-karpaczu\/\">v centru<\/a>, <a href=\"https:\/\/wonderhome.eu\/cz\/zainspiruj_sie\/apartamenty-blisko-stokow-w-karpaczu\/\">bl\u00edzko sjezdovek<\/a>, m\u011bstsk\u00fd <a href=\"https:\/\/wonderhome.eu\/cz\/atrakcje\/\" target=\"_blank\" rel=\"noreferrer noopener\">atrakce<\/a>, stejn\u011b jako na okraji Karpacze. <\/strong>Pro na\u0161e hosty jsme p\u0159ipravili apartm\u00e1ny r\u016fzn\u00fdch velikost\u00ed - ide\u00e1ln\u00ed pro rodinnou dovolenou nebo romantick\u00e9 V\u00e1noce ve dvou.<\/p>\n\n\n\n<div style=\"height:10px\" aria-hidden=\"true\" class=\"wp-block-spacer\"><\/div>\n\n\n<div class=\"wp-block-image\">\n<figure class=\"aligncenter size-full is-resized\"><img loading=\"lazy\" decoding=\"async\" width=\"1920\" height=\"1080\" src=\"https:\/\/wonderhome.eu\/wp-content\/uploads\/2024\/12\/2-2.jpg\" alt=\"Elegancki apartament Wonder Home z kominkiem\" class=\"wp-image-5543\" style=\"object-fit:cover;width:600px;height:300px\" srcset=\"https:\/\/wonderhome.eu\/wp-content\/uploads\/2024\/12\/2-2.jpg 1920w, https:\/\/wonderhome.eu\/wp-content\/uploads\/2024\/12\/2-2-300x169.jpg 300w, https:\/\/wonderhome.eu\/wp-content\/uploads\/2024\/12\/2-2-1024x576.jpg 1024w, https:\/\/wonderhome.eu\/wp-content\/uploads\/2024\/12\/2-2-768x432.jpg 768w, https:\/\/wonderhome.eu\/wp-content\/uploads\/2024\/12\/2-2-1536x864.jpg 1536w, https:\/\/wonderhome.eu\/wp-content\/uploads\/2024\/12\/2-2-18x10.jpg 18w\" sizes=\"auto, (max-width: 1920px) 100vw, 1920px\" \/><\/figure>\n<\/div>\n\n\n<div style=\"height:10px\" aria-hidden=\"true\" class=\"wp-block-spacer\"><\/div>\n\n\n\n<h3 class=\"wp-block-heading has-text-align-left has-text-color has-link-color wp-elements-68a7a607b71f8062553e6ba953b9b9ce\" style=\"color:#d7a97d\">Byty na m\u00edru<\/h3>\n\n\n\n<p>V Wonder Home najdete v\u0161e, co pot\u0159ebujete k tomu, aby byly leto\u0161n\u00ed V\u00e1noce v\u00fdjime\u010dn\u00e9. Vybrat <a href=\"https:\/\/wonderhome.eu\/cz\/apartamenty\/apartamenty-karpacz\/\" target=\"_blank\" rel=\"noreferrer noopener\"><strong>byt s<\/strong> <strong>krb<\/strong><\/a>pokud chcete str\u00e1vit atmosf\u00e9rick\u00e9 ve\u010dery se sv\u00fdmi bl\u00edzk\u00fdmi. Doporu\u010dujeme pro milovn\u00edky relaxace <strong><a href=\"https:\/\/wonderhome.eu\/cz\/apartamenty\/apartamenty-karpacz\/\" target=\"_blank\" rel=\"noreferrer noopener\">apartm\u00e1ny se saunou<\/a><\/strong>, kter\u00fd poskytne bla\u017een\u00e9 chv\u00edle relaxace po aktivn\u00edm dni na svahu.<\/p>\n\n\n\n<div style=\"height:10px\" aria-hidden=\"true\" class=\"wp-block-spacer\"><\/div>\n\n\n<div class=\"wp-block-image\">\n<figure class=\"aligncenter size-full is-resized\"><img loading=\"lazy\" decoding=\"async\" width=\"990\" height=\"667\" src=\"https:\/\/wonderhome.eu\/wp-content\/uploads\/2024\/12\/Zrzut-ekranu-2024-12-17-103012.png\" alt=\"Sauna z apartamencie Wonder Home\" class=\"wp-image-5539\" style=\"object-fit:cover;width:600px;height:300px\" srcset=\"https:\/\/wonderhome.eu\/wp-content\/uploads\/2024\/12\/Zrzut-ekranu-2024-12-17-103012.png 990w, https:\/\/wonderhome.eu\/wp-content\/uploads\/2024\/12\/Zrzut-ekranu-2024-12-17-103012-300x202.png 300w, https:\/\/wonderhome.eu\/wp-content\/uploads\/2024\/12\/Zrzut-ekranu-2024-12-17-103012-768x517.png 768w, https:\/\/wonderhome.eu\/wp-content\/uploads\/2024\/12\/Zrzut-ekranu-2024-12-17-103012-18x12.png 18w\" sizes=\"auto, (max-width: 990px) 100vw, 990px\" \/><\/figure>\n<\/div>\n\n\n<div style=\"height:10px\" aria-hidden=\"true\" class=\"wp-block-spacer\"><\/div>\n\n\n\n<p>A pokud milujete hory v zim\u011b, vyberte si <strong><a href=\"https:\/\/wonderhome.eu\/cz\/zainspiruj_sie\/apartamenty-z-widokiem-na-gory\/\" target=\"_blank\" rel=\"noreferrer noopener\">prostory s v\u00fdhledem<\/a><\/strong> panorama Krkono\u0161 a Sn\u011b\u017eky. <strong>Wonder Home Apartments jist\u011b spln\u00ed va\u0161e o\u010dek\u00e1v\u00e1n\u00ed.<\/strong><\/p>\n\n\n\n<div style=\"height:10px\" aria-hidden=\"true\" class=\"wp-block-spacer\"><\/div>\n\n\n<div class=\"wp-block-image\">\n<figure class=\"aligncenter size-full is-resized\"><img loading=\"lazy\" decoding=\"async\" width=\"1920\" height=\"1080\" src=\"https:\/\/wonderhome.eu\/wp-content\/uploads\/2024\/01\/44.jpg\" alt=\"Widok z apartamentu Wonder Home na \u015anie\u017ck\u0119\" class=\"wp-image-2095\" style=\"object-fit:cover;width:600px;height:300px\" srcset=\"https:\/\/wonderhome.eu\/wp-content\/uploads\/2024\/01\/44.jpg 1920w, https:\/\/wonderhome.eu\/wp-content\/uploads\/2024\/01\/44-300x169.jpg 300w, https:\/\/wonderhome.eu\/wp-content\/uploads\/2024\/01\/44-1024x576.jpg 1024w, https:\/\/wonderhome.eu\/wp-content\/uploads\/2024\/01\/44-768x432.jpg 768w, https:\/\/wonderhome.eu\/wp-content\/uploads\/2024\/01\/44-1536x864.jpg 1536w\" sizes=\"auto, (max-width: 1920px) 100vw, 1920px\" \/><\/figure>\n<\/div>\n\n\n<div style=\"height:22px\" aria-hidden=\"true\" class=\"wp-block-spacer\"><\/div>\n\n\n\n<hr class=\"wp-block-separator has-alpha-channel-opacity\"\/>\n\n\n\n<div style=\"height:39px\" aria-hidden=\"true\" class=\"wp-block-spacer\"><\/div>\n\n\n\n<p class=\"has-medium-font-size\"><strong>Byt s krbem, bl\u00edzko centra nebo s v\u00fdhledem na Krkono\u0161e? Nechte se inspirovat a vyberte si m\u00edsto, kter\u00e9 dokonale vyhovuje va\u0161im pot\u0159eb\u00e1m:<\/strong><\/p>\n\n\n\n<div style=\"height:23px\" aria-hidden=\"true\" class=\"wp-block-spacer\"><\/div>\n\n\n\n<div class=\"wp-block-buttons is-horizontal is-content-justification-center is-layout-flex wp-container-core-buttons-is-layout-f7fed8db wp-block-buttons-is-layout-flex\" style=\"padding-top:var(--wp--preset--spacing--20);padding-right:var(--wp--preset--spacing--20);padding-bottom:var(--wp--preset--spacing--20);padding-left:var(--wp--preset--spacing--20)\">\n<div class=\"wp-block-button is-style-primary is-style-outline is-style-outline--1\"><a class=\"wp-block-button__link has-white-color has-text-color has-background has-link-color wp-element-button\" href=\"https:\/\/wonderhome.eu\/cz\/apartament\/1591\/18827\/\" style=\"border-radius:22px;background-color:#d7a97d\" target=\"_blank\" rel=\"noreferrer noopener\"><strong>Chata s v\u00fdhledem na hory<\/strong><\/a><\/div>\n\n\n\n<div class=\"wp-block-button is-style-primary is-style-outline is-style-outline--2\"><a class=\"wp-block-button__link has-white-color has-text-color has-background has-link-color wp-element-button\" href=\"https:\/\/wonderhome.eu\/cz\/apartament\/1591\/18464\/\" style=\"border-radius:22px;background-color:#d7a97d\" target=\"_blank\" rel=\"noreferrer noopener\"><strong>Chata na stezce<\/strong><\/a><\/div>\n\n\n\n<div class=\"wp-block-button is-style-primary is-style-outline is-style-outline--3\"><a class=\"wp-block-button__link has-white-color has-text-color has-background has-link-color wp-element-button\" href=\"https:\/\/wonderhome.eu\/cz\/apartament\/1591\/18629\/\" style=\"border-radius:22px;background-color:#d7a97d\" target=\"_blank\" rel=\"noreferrer noopener\"><strong>Chata Macadamia<\/strong><\/a><\/div>\n<\/div>\n\n\n\n<div style=\"height:39px\" aria-hidden=\"true\" class=\"wp-block-spacer\"><\/div>\n\n\n\n<hr class=\"wp-block-separator has-alpha-channel-opacity\"\/>\n\n\n\n<div style=\"height:39px\" aria-hidden=\"true\" class=\"wp-block-spacer\"><\/div>\n\n\n\n<div class=\"wp-block-cover has-parallax\" style=\"min-height:260px;aspect-ratio:unset;\"><div class=\"wp-block-cover__image-background wp-image-5537 has-parallax\" style=\"background-position:50% 50%;background-image:url(https:\/\/wonderhome.eu\/wp-content\/uploads\/2024\/12\/3-min-4.jpg)\"><\/div><span aria-hidden=\"true\" class=\"wp-block-cover__background has-background-dim\" style=\"background-color:#897071\"><\/span><div class=\"wp-block-cover__inner-container is-layout-constrained wp-block-cover-is-layout-constrained\">\n<p class=\"has-text-align-center has-white-color has-text-color has-link-color has-large-font-size wp-elements-de50923957f7810e1f9838c54e04eaf4\" id=\"zalety\"><strong>V\u00e1no\u010dn\u00ed catering dovezen\u00fd a\u017e k va\u0161im dve\u0159\u00edm<\/strong> <strong>byt<\/strong><\/p>\n<\/div><\/div>\n\n\n\n<div style=\"height:10px\" aria-hidden=\"true\" class=\"wp-block-spacer\"><\/div>\n\n\n\n<p><strong>Letos jsme pro na\u0161e hosty d\u00edky spolupr\u00e1ci s cateringovou spole\u010dnost\u00ed Let&#039;s Brunch p\u0159ipravili n\u011bco speci\u00e1ln\u00edho - Wonder Food<\/strong>! Wonder Host\u00e9 si mohou objednat lahodn\u00e1 j\u00eddla don\u00e1\u0161en\u00e1 a\u017e ke dve\u0159\u00edm sv\u00e9ho apartm\u00e1nu.<\/p>\n\n\n\n<h3 class=\"wp-block-heading has-text-align-left has-text-color has-link-color wp-elements-f2621213e216f293aa4248355eaf6e89\" style=\"color:#d7a97d\">\u0160t\u011bdrove\u010dern\u00ed catering - pouze pro z\u00e1zra\u010dn\u00e9 hosty<\/h3>\n\n\n\n<p>U p\u0159\u00edle\u017eitosti V\u00e1noc se v jej\u00ed nab\u00eddce objevil Wonder Food <strong><a href=\"https:\/\/wonder-food.eu\/produkt\/box-wigilijny\/\" target=\"_blank\" rel=\"noreferrer noopener\">Krabice \u0161t\u011bdrove\u010dern\u00edho n\u00e1dob\u00ed<\/a>.<\/strong> V\u00e1no\u010dn\u00ed sady n\u00e1dob\u00ed jsou perfektn\u00edm \u0159e\u0161en\u00edm pro ty, kte\u0159\u00ed cht\u011bj\u00ed oslavit V\u00e1noce bez zbyte\u010dn\u00e9ho stresu a hodin str\u00e1ven\u00fdch v kuchyni. <strong>N\u00e1\u0161 catering zahrnuje tradi\u010dn\u00ed polsk\u00e9 \u0161t\u011bdrove\u010dern\u00ed pokrmy, p\u0159ipravovan\u00e9 z t\u011bch nejkvalitn\u011bj\u0161\u00edch surovin, kter\u00e9 pot\u011b\u0161\u00ed i ty nejn\u00e1ro\u010dn\u011bj\u0161\u00ed hosty. <\/strong><\/p>\n\n\n\n<div style=\"height:10px\" aria-hidden=\"true\" class=\"wp-block-spacer\"><\/div>\n\n\n<div class=\"wp-block-image\">\n<figure class=\"aligncenter size-full is-resized\"><img loading=\"lazy\" decoding=\"async\" width=\"940\" height=\"788\" src=\"https:\/\/wonderhome.eu\/wp-content\/uploads\/2024\/12\/POSTY-FB-15.jpg\" alt=\"Wigilijny st\u00f3\u0142\" class=\"wp-image-5535\" style=\"object-fit:cover;width:600px;height:300px\" srcset=\"https:\/\/wonderhome.eu\/wp-content\/uploads\/2024\/12\/POSTY-FB-15.jpg 940w, https:\/\/wonderhome.eu\/wp-content\/uploads\/2024\/12\/POSTY-FB-15-300x251.jpg 300w, https:\/\/wonderhome.eu\/wp-content\/uploads\/2024\/12\/POSTY-FB-15-768x644.jpg 768w, https:\/\/wonderhome.eu\/wp-content\/uploads\/2024\/12\/POSTY-FB-15-14x12.jpg 14w\" sizes=\"auto, (max-width: 940px) 100vw, 940px\" \/><\/figure>\n<\/div>\n\n\n<div style=\"height:10px\" aria-hidden=\"true\" class=\"wp-block-spacer\"><\/div>\n\n\n\n<p>Sle\u010f na smetan\u011b, knedl\u00edk, \u0159eck\u00e1 ryba, zeleninov\u00fd sal\u00e1t, pern\u00edk - to v\u0161e a mnohem v\u00edc, <strong>doru\u010d\u00edme na \u0160t\u011bdr\u00fd den p\u0159\u00edmo ke dve\u0159\u00edm va\u0161eho bytu. <\/strong>D\u00edky tomu se m\u016f\u017eete m\u00edsto starost\u00ed s p\u0159\u00edpravou j\u00eddel soust\u0159edit na to nejd\u016fle\u017eit\u011bj\u0161\u00ed. To je pohodl\u00ed, kter\u00e9 nelze p\u0159ece\u0148ovat!<\/p>\n\n\n\n<div style=\"height:39px\" aria-hidden=\"true\" class=\"wp-block-spacer\"><\/div>\n\n\n\n<hr class=\"wp-block-separator has-alpha-channel-opacity\"\/>\n\n\n\n<div style=\"height:39px\" aria-hidden=\"true\" class=\"wp-block-spacer\"><\/div>\n\n\n\n<div class=\"wp-block-cover is-light has-parallax\" style=\"min-height:260px;aspect-ratio:unset;\"><div role=\"img\" aria-label=\"Rodina v Karpaczi zimn\u00ed pr\u00e1zdniny 2025\" class=\"wp-block-cover__image-background wp-image-5498 has-parallax\" style=\"background-position:50% 50%;background-image:url(https:\/\/wonderhome.eu\/wp-content\/uploads\/2024\/12\/9-min-2.jpg)\"><\/div><span aria-hidden=\"true\" class=\"wp-block-cover__background has-background-dim\" style=\"background-color:#b1bac4\"><\/span><div class=\"wp-block-cover__inner-container is-layout-constrained wp-block-cover-is-layout-constrained\">\n<p class=\"has-text-align-center has-white-color has-text-color has-link-color has-large-font-size wp-elements-5a2bcb5d4b0807ff5b5fe570c02e0ad0\" id=\"info\"><strong>Zimn\u00ed aktivity na dosah ruky<\/strong><\/p>\n<\/div><\/div>\n\n\n\n<div style=\"height:10px\" aria-hidden=\"true\" class=\"wp-block-spacer\"><\/div>\n\n\n\n<p>V\u00e1noce v Karpaczi jsou tak\u00e9 skv\u011blou p\u0159\u00edle\u017eitost\u00ed, jak tr\u00e1vit \u010das aktivn\u011b venku. <strong>Mnoho z na\u0161ich apartm\u00e1n\u016f se nach\u00e1z\u00ed v bl\u00edzkosti obl\u00edben\u00fdch sjezdovek a ly\u017ea\u0159sk\u00fdch vlek\u016f. <\/strong><\/p>\n\n\n\n<p>Pokud pr\u00e1v\u011b za\u010d\u00edn\u00e1te sv\u00e9 ly\u017ea\u0159sk\u00e9 dobrodru\u017estv\u00ed, na\u0161i soukrom\u00ed instrukto\u0159i od <strong><a href=\"https:\/\/wonderhome.eu\/cz\/wonderski\/\" target=\"_blank\" rel=\"noreferrer noopener\">Wonder Ski<\/a><\/strong>, v\u00e1m pom\u016f\u017ee nau\u010dit se z\u00e1klady nebo zdokonalit techniku. Krom\u011b ly\u017eov\u00e1n\u00ed se m\u016f\u017eete vydat na proch\u00e1zku po zasn\u011b\u017een\u00fdch trat\u00edch nebo se jen tak v\u011bnovat zimn\u00edm radov\u00e1nk\u00e1m s d\u011btmi.<\/p>\n\n\n\n<div style=\"height:10px\" aria-hidden=\"true\" class=\"wp-block-spacer\"><\/div>\n\n\n<div class=\"wp-block-image\">\n<figure class=\"aligncenter size-large is-resized\"><img loading=\"lazy\" decoding=\"async\" width=\"1024\" height=\"726\" src=\"https:\/\/wonderhome.eu\/wp-content\/uploads\/2024\/12\/Swiateczne-foty-min-1-1024x726.jpg\" alt=\"Dzieci bawi\u0105ce si\u0119 na \u015bniegu ferie zimowe 2025 w Karpaczu\" class=\"wp-image-5499\" style=\"object-fit:cover;width:600px;height:300px\" srcset=\"https:\/\/wonderhome.eu\/wp-content\/uploads\/2024\/12\/Swiateczne-foty-min-1-1024x726.jpg 1024w, https:\/\/wonderhome.eu\/wp-content\/uploads\/2024\/12\/Swiateczne-foty-min-1-300x213.jpg 300w, https:\/\/wonderhome.eu\/wp-content\/uploads\/2024\/12\/Swiateczne-foty-min-1-768x545.jpg 768w, https:\/\/wonderhome.eu\/wp-content\/uploads\/2024\/12\/Swiateczne-foty-min-1-1536x1090.jpg 1536w, https:\/\/wonderhome.eu\/wp-content\/uploads\/2024\/12\/Swiateczne-foty-min-1-18x12.jpg 18w, https:\/\/wonderhome.eu\/wp-content\/uploads\/2024\/12\/Swiateczne-foty-min-1.jpg 1748w\" sizes=\"auto, (max-width: 1024px) 100vw, 1024px\" \/><\/figure>\n<\/div>\n\n\n<div style=\"height:10px\" aria-hidden=\"true\" class=\"wp-block-spacer\"><\/div>\n\n\n\n<p><strong>Karpacz je v zim\u011b r\u00e1jem jak pro sportovn\u00ed nad\u0161ence, tak pro ty, kte\u0159\u00ed ocen\u00ed klidn\u00e9 proch\u00e1zky v kr\u00e1sn\u00e9 zimn\u00ed p\u0159\u00edrod\u011b.<\/strong><\/p>\n\n\n\n<div style=\"height:25px\" aria-hidden=\"true\" class=\"wp-block-spacer\"><\/div>\n\n\n\n<hr class=\"wp-block-separator has-alpha-channel-opacity\"\/>\n\n\n\n<div style=\"height:25px\" aria-hidden=\"true\" class=\"wp-block-spacer\"><\/div>\n\n\n\n<p class=\"has-text-align-center has-black-color has-text-color has-link-color wp-elements-0a3f18f88a9f82ce227154263d396648\" style=\"font-size:20px\"><strong>St\u00e1hn\u011bte si na\u0161e bezplatn\u00e9 pr\u016fvodce do Karpacze a \u015awierad\u00f3wa-Zdr\u00f3je!<\/strong><\/p>\n\n\n\n<div class=\"wp-block-buttons is-horizontal is-content-justification-center is-layout-flex wp-container-core-buttons-is-layout-f7fed8db wp-block-buttons-is-layout-flex\" style=\"padding-top:var(--wp--preset--spacing--20);padding-right:var(--wp--preset--spacing--20);padding-bottom:var(--wp--preset--spacing--20);padding-left:var(--wp--preset--spacing--20)\">\n<div class=\"wp-block-button is-style-primary is-style-outline animated backInLeft is-style-outline--4\"><a class=\"wp-block-button__link has-white-color has-text-color has-background has-link-color wp-element-button\" href=\"https:\/\/wonderhome.eu\/cz\/przewodnik-po-karpaczu\/\" style=\"border-radius:22px;background-color:#d7a97d\" target=\"_blank\" rel=\"noreferrer noopener\"><strong>Karpacz<\/strong><\/a><\/div>\n\n\n\n<div class=\"wp-block-button is-style-primary is-style-outline animated backInRight is-style-outline--5\"><a class=\"wp-block-button__link has-white-color has-text-color has-background has-link-color wp-element-button\" href=\"https:\/\/wonderhome.eu\/cz\/przewodnik-po-swieradowie-zdroju\/\" style=\"border-radius:22px;background-color:#d7a97d\" target=\"_blank\" rel=\"noreferrer noopener\"><strong>\u015awierad\u00f3w-Zdr\u00f3j<\/strong><\/a><\/div>\n<\/div>\n\n\n\n<div style=\"height:32px\" aria-hidden=\"true\" class=\"wp-block-spacer\"><\/div>\n\n\n\n<hr class=\"wp-block-separator has-alpha-channel-opacity\"\/>\n\n\n\n<div style=\"height:25px\" aria-hidden=\"true\" class=\"wp-block-spacer\"><\/div>\n\n\n\n<div class=\"wp-block-cover has-parallax\" style=\"min-height:260px;aspect-ratio:unset;\"><div class=\"wp-block-cover__image-background wp-image-5546 has-parallax\" style=\"background-position:50% 50%;background-image:url(https:\/\/wonderhome.eu\/wp-content\/uploads\/2024\/12\/Red-and-White-Family-Merry-Christmas-Greeting-Card-min-1.jpg)\"><\/div><span aria-hidden=\"true\" class=\"wp-block-cover__background has-background-dim\" style=\"background-color:#996b5b\"><\/span><div class=\"wp-block-cover__inner-container is-layout-constrained wp-block-cover-is-layout-constrained\">\n<p class=\"has-text-align-center has-white-color has-text-color has-link-color has-large-font-size wp-elements-bd0b6309a21c23d36b8b19fb2b6693fd\" id=\"sklep\"><strong>Wonder Store \u2013 v\u0161e, co pot\u0159ebujete k leto\u0161n\u00edm V\u00e1noc\u016fm<\/strong><\/p>\n<\/div><\/div>\n\n\n\n<div style=\"height:10px\" aria-hidden=\"true\" class=\"wp-block-spacer\"><\/div>\n\n\n\n<p>O V\u00e1noc\u00edch je d\u016fle\u017eit\u00e9 zam\u011b\u0159it se na sv\u00e9 bl\u00edzk\u00e9 a sv\u00e1te\u010dn\u00ed atmosf\u00e9ru, nikoli na logistiku. Proto jsme vytvo\u0159ili Wonder Home <strong><a href=\"https:\/\/wonderhome.eu\/cz\/wonder-sklep\/\" target=\"_blank\" rel=\"noreferrer noopener\">Wonder Shop<\/a><\/strong>, kter\u00e1 v\u00e1m umo\u017en\u00ed objednat si v\u0161e, co pot\u0159ebujete pro pohodln\u00fd pobyt. <strong>Je to jednoduch\u00e9 a pohodln\u00e9 \u0159e\u0161en\u00ed, abyste si mohli u\u017e\u00edt kouzlo pr\u00e1zdnin bez zbyte\u010dn\u00e9ho stresu.<\/strong><\/p>\n\n\n\n<h3 class=\"wp-block-heading has-text-align-left has-text-color has-link-color wp-elements-1ab7fe2677c96ebf18cf2e525539cfb3\" style=\"color:#d7a97d\">Wonder Store \u2013 pro va\u0161e pohodl\u00ed:<\/h3>\n\n\n\n<ul class=\"wp-block-list\">\n<li><strong><a href=\"https:\/\/wonderhome.eu\/cz\/drewno-do-kominka\/\" target=\"_blank\" rel=\"noreferrer noopener\">D\u0159evo do krbu<\/a><\/strong> \u2013 Dbejte na \u00fatulnou atmosf\u00e9ru v byt\u011b a nestarejte se o dostatek d\u0159eva do krbu. V Wonder Sklep si m\u016f\u017eete objednat pytle d\u0159eva a my v\u00e1m je doru\u010d\u00edme p\u0159\u00edmo ke dve\u0159\u00edm va\u0161eho bytu.<\/li>\n\n\n\n<li><strong><a href=\"https:\/\/wonderhome.eu\/cz\/wymiana-recznikow\/\" target=\"_blank\" rel=\"noreferrer noopener\">V\u00fdm\u011bna ru\u010dn\u00edk\u016f<\/a> a <a href=\"https:\/\/wonderhome.eu\/cz\/wymiana-poscieli\/\">l\u016f\u017ekoviny<\/a><\/strong> \u2013 O \u010derstvost se b\u00e1t nemus\u00edte \u2013 objednejte si nov\u00e9 ru\u010dn\u00edky nebo l\u016f\u017ekoviny, abyste si zachovali maxim\u00e1ln\u00ed pohodl\u00ed po celou dobu pobytu.<\/li>\n\n\n\n<li><strong><a href=\"https:\/\/wonderhome.eu\/cz\/sprzatanie-podczas-pobytu\/\" target=\"_blank\" rel=\"noreferrer noopener\">\u00daklid b\u011bhem pobytu<\/a><\/strong> \u2013 Pokud pot\u0159ebujete dal\u0161\u00ed pomoc v z\u00e1palu v\u00e1no\u010dn\u00edch p\u0159\u00edprav, nab\u00edz\u00edme \u00faklid bytu v\u010detn\u011b v\u00fdm\u011bny lo\u017en\u00edho pr\u00e1dla a ru\u010dn\u00edk\u016f.<\/li>\n\n\n\n<li><strong><a href=\"https:\/\/wonderhome.eu\/cz\/vouchery\/\" target=\"_blank\" rel=\"noreferrer noopener\">D\u00e1rkov\u00e9 pouk\u00e1zky<\/a><\/strong> \u2013 Hled\u00e1te dokonal\u00fd d\u00e1rek? Darujte sv\u00fdm bl\u00edzk\u00fdm v\u00fdjime\u010dn\u00e9 chv\u00edle v jednom z na\u0161ich v\u00e1no\u010dn\u00edch apartm\u00e1n\u016f!<\/li>\n<\/ul>\n\n\n\n<p>S Wonder Shop budou pr\u00e1zdniny snaz\u0161\u00ed a p\u0159\u00edjemn\u011bj\u0161\u00ed \u2013 v\u0161e m\u00e1te na dosah ruky, abyste si tento speci\u00e1ln\u00ed \u010das mohli naplno u\u017e\u00edt. <strong>Sta\u0148te se \u00fa\u017easn\u00fdm hostem a poci\u0165te ten rozd\u00edl!<\/strong><\/p>\n\n\n\n<div style=\"height:39px\" aria-hidden=\"true\" class=\"wp-block-spacer\"><\/div>\n\n\n\n<hr class=\"wp-block-separator has-alpha-channel-opacity\"\/>\n\n\n\n<div style=\"height:39px\" aria-hidden=\"true\" class=\"wp-block-spacer\"><\/div>\n\n\n\n<p class=\"has-text-align-center has-text-color has-link-color wp-elements-ec1e041d1a6bc21774eeb1cec33fc024\" style=\"color:#d7a97d;font-size:20px\"><strong>Sledujte Wonder Home Apartments na soci\u00e1ln\u00edch s\u00edt\u00edch!<\/strong><\/p>\n\n\n\n<div class=\"wp-block-buttons is-horizontal is-content-justification-center is-layout-flex wp-container-core-buttons-is-layout-f7fed8db wp-block-buttons-is-layout-flex\" style=\"padding-top:var(--wp--preset--spacing--20);padding-right:var(--wp--preset--spacing--20);padding-bottom:var(--wp--preset--spacing--20);padding-left:var(--wp--preset--spacing--20)\">\n<div class=\"wp-block-button is-style-primary is-style-outline is-style-outline--6\"><a class=\"wp-block-button__link has-white-color has-text-color has-background has-link-color wp-element-button\" style=\"border-radius:22px;background-color:#06376a\"><strong>Facebook<\/strong><\/a><\/div>\n\n\n\n<div class=\"wp-block-button is-style-primary is-style-outline is-style-outline--7\"><a class=\"wp-block-button__link has-white-color has-text-color has-background has-link-color wp-element-button\" href=\"https:\/\/www.instagram.com\/apartamenty_wonder_home\/?hl=pl\" style=\"border-radius:22px;background:linear-gradient(81deg,rgb(255,203,112) 0%,rgb(199,81,192) 50%,rgb(65,88,208) 100%)\" target=\"_blank\" rel=\"noreferrer noopener\"><strong>Instagram<\/strong><\/a><\/div>\n\n\n\n<div class=\"wp-block-button is-style-primary is-style-outline is-style-outline--8\"><a class=\"wp-block-button__link has-white-color has-vivid-red-background-color has-text-color has-background has-link-color wp-element-button\" href=\"https:\/\/www.youtube.com\/channel\/UCy2cOiwvtYYOORiz00Ik4DQ\/videos\" style=\"border-radius:22px\" target=\"_blank\" rel=\"noreferrer noopener\"><strong>YouTube<\/strong><\/a><\/div>\n<\/div>\n\n\n\n<div style=\"height:39px\" aria-hidden=\"true\" class=\"wp-block-spacer\"><\/div>\n\n\n\n<hr class=\"wp-block-separator has-alpha-channel-opacity\"\/>\n\n\n\n<div style=\"height:39px\" aria-hidden=\"true\" class=\"wp-block-spacer\"><\/div>\n\n\n\n<div class=\"wp-block-cover is-light has-parallax\" style=\"min-height:260px;aspect-ratio:unset;\"><div class=\"wp-block-cover__image-background wp-image-5508 has-parallax\" style=\"background-position:50% 50%;background-image:url(https:\/\/wonderhome.eu\/wp-content\/uploads\/2024\/09\/7-31-scaled.jpg)\"><\/div><span aria-hidden=\"true\" class=\"wp-block-cover__background has-background-dim\" style=\"background-color:#ae7b64\"><\/span><div class=\"wp-block-cover__inner-container is-layout-constrained wp-block-cover-is-layout-constrained\">\n<p class=\"has-text-align-center has-white-color has-text-color has-link-color has-large-font-size wp-elements-d6eb1db8b4c896617bc41b20817e86ea\" id=\"rumba\"><strong>Dal\u0161\u00ed vybaven\u00ed pro hosty Wonder Home na V\u00e1noce - Wonder World<\/strong><\/p>\n<\/div><\/div>\n\n\n\n<div style=\"height:39px\" aria-hidden=\"true\" class=\"wp-block-spacer\"><\/div>\n\n\n\n<p>B\u011bhem v\u00e1no\u010dn\u00edho pobytu v Wonder Home se m\u016f\u017eete spolehnout na v\u00edc ne\u017e jen na pohodln\u00e9 apartm\u00e1ny. Vytvo\u0159ili jsme ji speci\u00e1ln\u011b pro na\u0161e hosty <strong>Wonder World<\/strong> \u2013 komplexn\u00ed nab\u00eddka, kter\u00e1 spln\u00ed r\u016fzn\u00e9 pot\u0159eby bez ohledu na to, jak pl\u00e1nujete str\u00e1vit V\u00e1noce.<\/p>\n\n\n\n<h3 class=\"wp-block-heading has-text-align-left has-text-color has-link-color wp-elements-4836ef2b32e05a336556250296143de0\" style=\"color:#d7a97d\">Prozkoumejte Wonder World!<\/h3>\n\n\n\n<ul class=\"wp-block-list\">\n<li><strong><a href=\"https:\/\/wonderhome.eu\/cz\/wonder-travel\/\" target=\"_blank\" rel=\"noreferrer noopener\">Z\u00e1zra\u010dn\u00e9 cestov\u00e1n\u00ed<\/a><\/strong> toto je nab\u00eddka pro pr\u016fzkumn\u00edky. Vydejte se na jednodenn\u00ed v\u00fdlet do malebn\u00e9ho okol\u00ed nebo do zahrani\u010d\u00ed - do Skaln\u00edho m\u011bsta nebo kouzeln\u00e9 Prahy. <strong>Vyu\u017eijte slu\u017eeb na\u0161ich partner\u016f - renomovan\u00fdch firem z Karpacze: <\/strong>\n<ul class=\"wp-block-list\">\n<li><strong>VIP-TRAVEL <\/strong><\/li>\n\n\n\n<li><strong>AUTOBUS KARPACZ<\/strong><\/li>\n\n\n\n<li><strong>Cestovn\u00ed kancel\u00e1\u0159 BAKAR.<\/strong><\/li>\n<\/ul>\n<\/li>\n\n\n\n<li><strong><a href=\"https:\/\/wonderhome.eu\/cz\/pakiety-spa\/\" target=\"_blank\" rel=\"noreferrer noopener\">Kouzeln\u00e9 SPA<\/a><\/strong> \u2013 dostat se do stavu hlubok\u00e9 relaxace d\u00edky<strong> 4 exkluzivn\u00ed bal\u00ed\u010dky v Prestige SPA<\/strong> v Karpaczi. Mas\u00e1\u017ee a kosmetick\u00e9 procedury jsou z\u00e1rukou opravdov\u00e9 relaxace, se kterou budou pr\u00e1zdniny je\u0161t\u011b v\u00fdjime\u010dn\u011bj\u0161\u00ed.<\/li>\n\n\n\n<li><strong><a href=\"https:\/\/wonderhome.eu\/cz\/wondertaxi\/\" target=\"_blank\" rel=\"noreferrer noopener\">Divn\u00e9 taxi<\/a><\/strong> \u2013 rychl\u00e9, pohodln\u00e9 a bezpe\u010dn\u00e9 cesty z <strong>Rychl\u00e9 luxusn\u00ed taxi<\/strong> v Karpaczi a okol\u00ed. D\u00edky luxusn\u00edm p\u0159epravn\u00edm slu\u017eb\u00e1m se na svah, do restaurace \u010di jin\u00fdch atrakc\u00ed dostanete v\u010das a bez zbyte\u010dn\u00e9ho stresu.<\/li>\n\n\n\n<li><strong><a href=\"https:\/\/wonderhome.eu\/cz\/wonder-asekuracja\/\" target=\"_blank\" rel=\"noreferrer noopener\">Wonder Belay<\/a><\/strong> \u2013 poji\u0161t\u011bn\u00ed pro v\u00e1s a va\u0161e bl\u00edzk\u00e9 na dobu pobytu, kter\u00e9 v\u00e1m umo\u017en\u00ed soust\u0159edit se na odpo\u010dinek a radostn\u00e9 chv\u00edle s rodinou.<\/li>\n<\/ul>\n\n\n\n<h3 class=\"wp-block-heading has-text-align-left has-text-color has-link-color wp-elements-e69345a2f5a2a0eb626a3f6201bd8445\" style=\"color:#d7a97d\">Pro l\u00e1sku Wonder Host\u00e9 \u2665<\/h3>\n\n\n\n<p>V\u0161echny tyto slu\u017eby byly vytvo\u0159eny s ohledem na va\u0161e pohodl\u00ed, abyste se mohli soust\u0159edit na to nejd\u016fle\u017eit\u011bj\u0161\u00ed \u2013 odpo\u010dinek a vytv\u00e1\u0159en\u00ed kr\u00e1sn\u00fdch vzpom\u00ednek. <strong>Ne\u010dekejte \u2013 rezervujte si pobyt a objevte V\u00e1noce pln\u00e9 vybaven\u00ed! \ud83c\udf84<\/strong><\/p>\n\n\n\n<div style=\"height:39px\" aria-hidden=\"true\" class=\"wp-block-spacer\"><\/div>\n\n\n\n<hr class=\"wp-block-separator has-alpha-channel-opacity\"\/>\n\n\n\n<div style=\"height:30px\" aria-hidden=\"true\" class=\"wp-block-spacer\"><\/div>\n\n\n\n<h2 class=\"wp-block-heading has-text-align-center has-text-color has-link-color wp-elements-79271148d1938d2a22c896262bcd38d0\" style=\"color:#d7a97d\"><strong>SWIFT LUXUSN\u00cd TAXI <\/strong><\/h2>\n\n\n\n<h3 class=\"wp-block-heading has-text-align-center\" style=\"font-size:18px\"><strong>To je z\u00e1rukou pohodln\u00e9 a bezstresov\u00e9 dopravy - na svah,<\/strong><br><strong> do bytu nebo na d\u016fle\u017eitou sch\u016fzku.<\/strong><\/h3>\n\n\n\n<div style=\"height:18px\" aria-hidden=\"true\" class=\"wp-block-spacer\"><\/div>\n\n\n\n<div class=\"wp-block-buttons is-content-justification-center is-layout-flex wp-container-core-buttons-is-layout-16018d1d wp-block-buttons-is-layout-flex\">\n<div class=\"wp-block-button\"><a class=\"wp-block-button__link has-background has-custom-font-size wp-element-button\" href=\"tel:+48882517528\" style=\"background-color:#d7a97d;font-size:16px\"><strong>+48<\/strong>-<strong>882-517-528<\/strong><\/a><\/div>\n<\/div>\n\n\n\n<div style=\"height:30px\" aria-hidden=\"true\" class=\"wp-block-spacer\"><\/div>\n\n\n\n<hr class=\"wp-block-separator has-alpha-channel-opacity\"\/>\n<\/div>\n\n\n\n<div class=\"wp-block-column is-layout-flow wp-block-column-is-layout-flow\" style=\"flex-basis:25%\">\n<div class=\"wp-block-group is-nowrap is-layout-flex wp-container-core-group-is-layout-ad2f72ca wp-block-group-is-layout-flex\">\n<div style=\"height:100px;width:0px\" aria-hidden=\"true\" class=\"wp-block-spacer wp-container-content-6388d5dc\"><\/div>\n<\/div>\n<\/div>\n\n\n\n<div class=\"wp-block-column is-layout-flow wp-block-column-is-layout-flow\"><\/div>\n<\/div>\n\n\n\n<div class=\"wp-block-columns is-layout-flex wp-container-core-columns-is-layout-9d6595d7 wp-block-columns-is-layout-flex\">\n<div class=\"wp-block-column is-layout-flow wp-block-column-is-layout-flow\" style=\"flex-basis:25%\"><\/div>\n\n\n\n<div class=\"wp-block-column is-layout-flow wp-block-column-is-layout-flow\" style=\"flex-basis:50%\">\n<h2 class=\"wp-block-heading has-text-color has-link-color wp-elements-151609f5330c3823ee9e228e1b1981fb\" id=\"podsumowanie\" style=\"color:#d7a97d\">V\u00e1noce v Karpaczi. Shrnut\u00ed.<\/h2>\n\n\n\n<p>Pokud sn\u00edte o klidn\u00e9 rodinn\u00e9 dovolen\u00e9 uprost\u0159ed p\u0159\u00edrody nebo aktivn\u00edm odpo\u010dinku venku, Karpacz bude skv\u011blou volbou. U\u017eijte si chv\u00edle se sv\u00fdmi bl\u00edzk\u00fdmi v prostorn\u00e9m ob\u00fdvac\u00edm pokoji s v\u00fdhledem na hory, uspo\u0159\u00e1dejte rodinn\u00e9 v\u00e1no\u010dn\u00ed koledov\u00e1n\u00ed u krbu a vydejte se na zimn\u00ed proch\u00e1zku po promen\u00e1d\u011b. <strong>Ne\u010dekejte a rezervujte si byt Wonder Home na V\u00e1noce a uvid\u00edte, jak b\u00e1je\u010dn\u011b m\u016f\u017eete str\u00e1vit V\u00e1noce v Karpaczi! <\/strong>\ud83c\udf84<br><\/p>\n<\/div>\n\n\n\n<div class=\"wp-block-column is-layout-flow wp-block-column-is-layout-flow\" style=\"flex-basis:25%\"><\/div>\n<\/div>\n\n\n\n<h2 class=\"wp-block-heading\"><\/h2>\n\n\n\n<hr class=\"wp-block-separator has-alpha-channel-opacity\"\/>\n\n\n<div class=\"wp-block-image\">\n<figure class=\"aligncenter size-full\"><img loading=\"lazy\" decoding=\"async\" width=\"1934\" height=\"610\" src=\"https:\/\/wonderhome.eu\/wp-content\/uploads\/2024\/07\/Kwiat-Zdjecie-Cytat-Wiosna-Facebook-Zdjecie-w-Tle-9.jpg\" alt=\"\" class=\"wp-image-2878\" srcset=\"https:\/\/wonderhome.eu\/wp-content\/uploads\/2024\/07\/Kwiat-Zdjecie-Cytat-Wiosna-Facebook-Zdjecie-w-Tle-9.jpg 1934w, https:\/\/wonderhome.eu\/wp-content\/uploads\/2024\/07\/Kwiat-Zdjecie-Cytat-Wiosna-Facebook-Zdjecie-w-Tle-9-300x95.jpg 300w, https:\/\/wonderhome.eu\/wp-content\/uploads\/2024\/07\/Kwiat-Zdjecie-Cytat-Wiosna-Facebook-Zdjecie-w-Tle-9-1024x323.jpg 1024w, https:\/\/wonderhome.eu\/wp-content\/uploads\/2024\/07\/Kwiat-Zdjecie-Cytat-Wiosna-Facebook-Zdjecie-w-Tle-9-768x242.jpg 768w, https:\/\/wonderhome.eu\/wp-content\/uploads\/2024\/07\/Kwiat-Zdjecie-Cytat-Wiosna-Facebook-Zdjecie-w-Tle-9-1536x484.jpg 1536w\" sizes=\"auto, (max-width: 1934px) 100vw, 1934px\" \/><\/figure>\n<\/div>\n\n\n<p style=\"font-size:16px\">Autor: Eliza Tomaka<\/p>\n\n\n\n<div style=\"height:51px\" aria-hidden=\"true\" class=\"wp-block-spacer\"><\/div>\n\n\n\n<hr class=\"wp-block-separator has-alpha-channel-opacity\"\/>\n\n\n\n<div style=\"height:100px\" aria-hidden=\"true\" class=\"wp-block-spacer\"><\/div>","protected":false},"featured_media":5550,"template":"","categories":[33],"class_list":["post-5534","blog","type-blog","status-publish","has-post-thumbnail","hentry","category-karpacz"],"acf":[],"yoast_head":"<!-- This site is optimized with the Yoast SEO plugin v27.4 - https:\/\/yoast.com\/product\/yoast-seo-wordpress\/ -->\n<title>Bo\u017ce Narodzenie w Karpaczu! \u015awi\u0119tuj z Wonder Home!<\/title>\n<meta name=\"description\" content=\"Sp\u0119d\u017a magiczne Bo\u017ce Narodzenie z Wonder Home w Karpaczu! Poznaj atrakcje, udogodnienia i wyj\u0105tkowe miejsca na \u015bwi\u0105teczny wypoczynek w g\u00f3rach.\" \/>\n<meta name=\"robots\" content=\"index, follow, max-snippet:-1, max-image-preview:large, max-video-preview:-1\" \/>\n<link rel=\"canonical\" href=\"https:\/\/wonderhome.eu\/cz\/blog\/boze-narodzenie-w-karpaczu-swietuj-z-wonder-home\/\" \/>\n<meta property=\"og:locale\" content=\"cs_CZ\" \/>\n<meta property=\"og:type\" content=\"article\" \/>\n<meta property=\"og:title\" content=\"Bo\u017ce Narodzenie w Karpaczu! \u015awi\u0119tuj z Wonder Home!\" \/>\n<meta property=\"og:description\" content=\"Sp\u0119d\u017a magiczne Bo\u017ce Narodzenie z Wonder Home w Karpaczu! Poznaj atrakcje, udogodnienia i wyj\u0105tkowe miejsca na \u015bwi\u0105teczny wypoczynek w g\u00f3rach.\" \/>\n<meta property=\"og:url\" content=\"https:\/\/wonderhome.eu\/cz\/blog\/boze-narodzenie-w-karpaczu-swietuj-z-wonder-home\/\" \/>\n<meta property=\"og:site_name\" content=\"Wonder Home\" \/>\n<meta property=\"article:modified_time\" content=\"2025-10-21T12:36:33+00:00\" \/>\n<meta property=\"og:image\" content=\"https:\/\/wonderhome.eu\/wp-content\/uploads\/2024\/12\/6-min-3.jpg\" \/>\n\t<meta property=\"og:image:width\" content=\"1748\" \/>\n\t<meta property=\"og:image:height\" content=\"1240\" \/>\n\t<meta property=\"og:image:type\" content=\"image\/jpeg\" \/>\n<meta name=\"twitter:card\" content=\"summary_large_image\" \/>\n<meta name=\"twitter:label1\" content=\"Odhadovan\u00e1 doba \u010dten\u00ed\" \/>\n\t<meta name=\"twitter:data1\" content=\"9 minut\" \/>\n<script type=\"application\/ld+json\" class=\"yoast-schema-graph\">{\"@context\":\"https:\\\/\\\/schema.org\",\"@graph\":[{\"@type\":\"WebPage\",\"@id\":\"https:\\\/\\\/wonderhome.eu\\\/blog\\\/boze-narodzenie-w-karpaczu-swietuj-z-wonder-home\",\"url\":\"https:\\\/\\\/wonderhome.eu\\\/blog\\\/boze-narodzenie-w-karpaczu-swietuj-z-wonder-home\",\"name\":\"Bo\u017ce Narodzenie w Karpaczu! \u015awi\u0119tuj z Wonder Home!\",\"isPartOf\":{\"@id\":\"https:\\\/\\\/wonderhome.eu\\\/#website\"},\"primaryImageOfPage\":{\"@id\":\"https:\\\/\\\/wonderhome.eu\\\/blog\\\/boze-narodzenie-w-karpaczu-swietuj-z-wonder-home#primaryimage\"},\"image\":{\"@id\":\"https:\\\/\\\/wonderhome.eu\\\/blog\\\/boze-narodzenie-w-karpaczu-swietuj-z-wonder-home#primaryimage\"},\"thumbnailUrl\":\"https:\\\/\\\/wonderhome.eu\\\/wp-content\\\/uploads\\\/2024\\\/12\\\/6-min-3.jpg\",\"datePublished\":\"2024-12-18T09:07:18+00:00\",\"dateModified\":\"2025-10-21T12:36:33+00:00\",\"description\":\"Sp\u0119d\u017a magiczne Bo\u017ce Narodzenie z Wonder Home w Karpaczu! Poznaj atrakcje, udogodnienia i wyj\u0105tkowe miejsca na \u015bwi\u0105teczny wypoczynek w g\u00f3rach.\",\"inLanguage\":\"cs\",\"potentialAction\":[{\"@type\":\"ReadAction\",\"target\":[\"https:\\\/\\\/wonderhome.eu\\\/blog\\\/boze-narodzenie-w-karpaczu-swietuj-z-wonder-home\"]}]},{\"@type\":\"ImageObject\",\"inLanguage\":\"cs\",\"@id\":\"https:\\\/\\\/wonderhome.eu\\\/blog\\\/boze-narodzenie-w-karpaczu-swietuj-z-wonder-home#primaryimage\",\"url\":\"https:\\\/\\\/wonderhome.eu\\\/wp-content\\\/uploads\\\/2024\\\/12\\\/6-min-3.jpg\",\"contentUrl\":\"https:\\\/\\\/wonderhome.eu\\\/wp-content\\\/uploads\\\/2024\\\/12\\\/6-min-3.jpg\",\"width\":1748,\"height\":1240,\"caption\":\"Prezenty pod choink\u0105 w Bo\u017ce Narodzenie w apartamencie Wonder Home\"},{\"@type\":\"WebSite\",\"@id\":\"https:\\\/\\\/wonderhome.eu\\\/#website\",\"url\":\"https:\\\/\\\/wonderhome.eu\\\/\",\"name\":\"Wonder Home\",\"description\":\"\",\"potentialAction\":[{\"@type\":\"SearchAction\",\"target\":{\"@type\":\"EntryPoint\",\"urlTemplate\":\"https:\\\/\\\/wonderhome.eu\\\/?s={search_term_string}\"},\"query-input\":{\"@type\":\"PropertyValueSpecification\",\"valueRequired\":true,\"valueName\":\"search_term_string\"}}],\"inLanguage\":\"cs\"}]}<\/script>\n<!-- \/ Yoast SEO plugin. -->","yoast_head_json":{"title":"Bo\u017ce Narodzenie w Karpaczu! \u015awi\u0119tuj z Wonder Home!","description":"Sp\u0119d\u017a magiczne Bo\u017ce Narodzenie z Wonder Home w Karpaczu! Poznaj atrakcje, udogodnienia i wyj\u0105tkowe miejsca na \u015bwi\u0105teczny wypoczynek w g\u00f3rach.","robots":{"index":"index","follow":"follow","max-snippet":"max-snippet:-1","max-image-preview":"max-image-preview:large","max-video-preview":"max-video-preview:-1"},"canonical":"https:\/\/wonderhome.eu\/cz\/blog\/boze-narodzenie-w-karpaczu-swietuj-z-wonder-home\/","og_locale":"cs_CZ","og_type":"article","og_title":"Bo\u017ce Narodzenie w Karpaczu! \u015awi\u0119tuj z Wonder Home!","og_description":"Sp\u0119d\u017a magiczne Bo\u017ce Narodzenie z Wonder Home w Karpaczu! Poznaj atrakcje, udogodnienia i wyj\u0105tkowe miejsca na \u015bwi\u0105teczny wypoczynek w g\u00f3rach.","og_url":"https:\/\/wonderhome.eu\/cz\/blog\/boze-narodzenie-w-karpaczu-swietuj-z-wonder-home\/","og_site_name":"Wonder Home","article_modified_time":"2025-10-21T12:36:33+00:00","og_image":[{"width":1748,"height":1240,"url":"https:\/\/wonderhome.eu\/wp-content\/uploads\/2024\/12\/6-min-3.jpg","type":"image\/jpeg"}],"twitter_card":"summary_large_image","twitter_misc":{"Odhadovan\u00e1 doba \u010dten\u00ed":"9 minut"},"schema":{"@context":"https:\/\/schema.org","@graph":[{"@type":"WebPage","@id":"https:\/\/wonderhome.eu\/blog\/boze-narodzenie-w-karpaczu-swietuj-z-wonder-home","url":"https:\/\/wonderhome.eu\/blog\/boze-narodzenie-w-karpaczu-swietuj-z-wonder-home","name":"Bo\u017ce Narodzenie w Karpaczu! \u015awi\u0119tuj z Wonder Home!","isPartOf":{"@id":"https:\/\/wonderhome.eu\/#website"},"primaryImageOfPage":{"@id":"https:\/\/wonderhome.eu\/blog\/boze-narodzenie-w-karpaczu-swietuj-z-wonder-home#primaryimage"},"image":{"@id":"https:\/\/wonderhome.eu\/blog\/boze-narodzenie-w-karpaczu-swietuj-z-wonder-home#primaryimage"},"thumbnailUrl":"https:\/\/wonderhome.eu\/wp-content\/uploads\/2024\/12\/6-min-3.jpg","datePublished":"2024-12-18T09:07:18+00:00","dateModified":"2025-10-21T12:36:33+00:00","description":"Sp\u0119d\u017a magiczne Bo\u017ce Narodzenie z Wonder Home w Karpaczu! Poznaj atrakcje, udogodnienia i wyj\u0105tkowe miejsca na \u015bwi\u0105teczny wypoczynek w g\u00f3rach.","inLanguage":"cs","potentialAction":[{"@type":"ReadAction","target":["https:\/\/wonderhome.eu\/blog\/boze-narodzenie-w-karpaczu-swietuj-z-wonder-home"]}]},{"@type":"ImageObject","inLanguage":"cs","@id":"https:\/\/wonderhome.eu\/blog\/boze-narodzenie-w-karpaczu-swietuj-z-wonder-home#primaryimage","url":"https:\/\/wonderhome.eu\/wp-content\/uploads\/2024\/12\/6-min-3.jpg","contentUrl":"https:\/\/wonderhome.eu\/wp-content\/uploads\/2024\/12\/6-min-3.jpg","width":1748,"height":1240,"caption":"Prezenty pod choink\u0105 w Bo\u017ce Narodzenie w apartamencie Wonder Home"},{"@type":"WebSite","@id":"https:\/\/wonderhome.eu\/#website","url":"https:\/\/wonderhome.eu\/","name":"Wonder Home","description":"","potentialAction":[{"@type":"SearchAction","target":{"@type":"EntryPoint","urlTemplate":"https:\/\/wonderhome.eu\/?s={search_term_string}"},"query-input":{"@type":"PropertyValueSpecification","valueRequired":true,"valueName":"search_term_string"}}],"inLanguage":"cs"}]}},"_links":{"self":[{"href":"https:\/\/wonderhome.eu\/cz\/wp-json\/wp\/v2\/blog\/5534","targetHints":{"allow":["GET"]}}],"collection":[{"href":"https:\/\/wonderhome.eu\/cz\/wp-json\/wp\/v2\/blog"}],"about":[{"href":"https:\/\/wonderhome.eu\/cz\/wp-json\/wp\/v2\/types\/blog"}],"wp:featuredmedia":[{"embeddable":true,"href":"https:\/\/wonderhome.eu\/cz\/wp-json\/wp\/v2\/media\/5550"}],"wp:attachment":[{"href":"https:\/\/wonderhome.eu\/cz\/wp-json\/wp\/v2\/media?parent=5534"}],"wp:term":[{"taxonomy":"category","embeddable":true,"href":"https:\/\/wonderhome.eu\/cz\/wp-json\/wp\/v2\/categories?post=5534"}],"curies":[{"name":"wp","href":"https:\/\/api.w.org\/{rel}","templated":true}]}}