{"id":6484,"date":"2025-06-03T14:58:04","date_gmt":"2025-06-03T12:58:04","guid":{"rendered":"https:\/\/wonderhome.eu\/?post_type=blog&#038;p=6484"},"modified":"2025-10-21T14:35:37","modified_gmt":"2025-10-21T12:35:37","slug":"sniezka-ciekawostki-9-faktow","status":"publish","type":"blog","link":"https:\/\/wonderhome.eu\/cz\/blog\/sniezka-ciekawostki-9-faktow","title":{"rendered":"Sn\u011b\u017eka \u2013 9 fascinuj\u00edc\u00edch fakt\u016f o kr\u00e1lovn\u011b Krkono\u0161!"},"content":{"rendered":"<h1 class=\"wp-block-heading has-text-align-center has-x-large-font-size\" style=\"font-style:normal;font-weight:800\">Sn\u011bhurka \u2013 Seznamte se s 9 fakty, kter\u00e9 v\u00e1s opravdu p\u0159ekvap\u00ed!<\/h1>\n\n\n\n<hr class=\"wp-block-separator has-alpha-channel-opacity\"\/>\n\n\n\n<p><\/p>\n\n\n\n<div class=\"wp-block-group\"><div class=\"wp-block-group__inner-container is-layout-constrained wp-block-group-is-layout-constrained\"><div class=\"wp-block-image\">\n<figure class=\"aligncenter size-full is-resized\"><img loading=\"lazy\" decoding=\"async\" width=\"500\" height=\"71\" src=\"https:\/\/wonderhome.eu\/wp-content\/uploads\/2022\/09\/logo-grey.png\" alt=\"Logo firmy Wonder Home\" class=\"wp-image-645\" style=\"width:251px;height:auto\" srcset=\"https:\/\/wonderhome.eu\/wp-content\/uploads\/2022\/09\/logo-grey.png 500w, https:\/\/wonderhome.eu\/wp-content\/uploads\/2022\/09\/logo-grey-300x43.png 300w\" sizes=\"auto, (max-width: 500px) 100vw, 500px\" \/><\/figure>\n<\/div><\/div><\/div>\n\n\n\n<p class=\"has-text-align-center has-medium-font-size\" style=\"letter-spacing:3px;text-transform:uppercase\"><mark style=\"background-color:rgba(0, 0, 0, 0)\" class=\"has-inline-color has-black-color\">Cestovat <\/mark>blog<\/p>\n\n\n\n<p><\/p>\n\n\n<div class=\"wp-block-image\">\n<figure class=\"aligncenter size-large\"><img loading=\"lazy\" decoding=\"async\" width=\"1024\" height=\"323\" src=\"https:\/\/wonderhome.eu\/wp-content\/uploads\/2024\/07\/Kwiat-Zdjecie-Cytat-Wiosna-Facebook-Zdjecie-w-Tle-9-1024x323.jpg\" alt=\"\" class=\"wp-image-2878\" srcset=\"https:\/\/wonderhome.eu\/wp-content\/uploads\/2024\/07\/Kwiat-Zdjecie-Cytat-Wiosna-Facebook-Zdjecie-w-Tle-9-1024x323.jpg 1024w, https:\/\/wonderhome.eu\/wp-content\/uploads\/2024\/07\/Kwiat-Zdjecie-Cytat-Wiosna-Facebook-Zdjecie-w-Tle-9-300x95.jpg 300w, https:\/\/wonderhome.eu\/wp-content\/uploads\/2024\/07\/Kwiat-Zdjecie-Cytat-Wiosna-Facebook-Zdjecie-w-Tle-9-768x242.jpg 768w, https:\/\/wonderhome.eu\/wp-content\/uploads\/2024\/07\/Kwiat-Zdjecie-Cytat-Wiosna-Facebook-Zdjecie-w-Tle-9-1536x484.jpg 1536w, https:\/\/wonderhome.eu\/wp-content\/uploads\/2024\/07\/Kwiat-Zdjecie-Cytat-Wiosna-Facebook-Zdjecie-w-Tle-9.jpg 1934w\" sizes=\"auto, (max-width: 1024px) 100vw, 1024px\" \/><\/figure>\n<\/div>\n\n\n<div class=\"wp-block-columns is-layout-flex wp-container-core-columns-is-layout-9d6595d7 wp-block-columns-is-layout-flex\">\n<div class=\"wp-block-column is-layout-flow wp-block-column-is-layout-flow\" style=\"flex-basis:300px\"><\/div>\n\n\n\n<div class=\"wp-block-column is-layout-flow wp-block-column-is-layout-flow\">\n<div style=\"height:36px\" aria-hidden=\"true\" class=\"wp-block-spacer\"><\/div>\n\n\n\n<p class=\"has-text-align-center has-medium-font-size\"><strong>V\u011bd\u011bli jste, \u017ee Sn\u011b\u017eka \u2013 nejvy\u0161\u0161\u00ed vrchol Krkono\u0161 \u2013 kdysi von\u011bla po fialk\u00e1ch a po v\u00edce ne\u017e 200 let se v\u011b\u0159ilo, \u017ee je t\u00e9m\u011b\u0159 stejn\u011b vysok\u00e1 jako Alpy?<\/strong> Nen\u00ed to jen hora z pohlednic, ale m\u00edsto pln\u00e9 extr\u00e9mn\u00edch podm\u00ednek, historick\u00fdch chyb a jev\u016f, kter\u00e9 jinde jen t\u011b\u017eko uvid\u00edte. Po v\u011bt\u0161inu roku ji zahaluje mlha a hurik\u00e1ny jsou zde na denn\u00edm po\u0159\u00e1dku. Sn\u011b\u017eka p\u0159ekvapuje nejen svou krajinou \u2013 skr\u00fdv\u00e1 p\u0159\u00edb\u011bhy, kter\u00e9 se zdaj\u00ed sp\u00ed\u0161e poh\u00e1dkov\u00e9 ne\u017e skute\u010dn\u00e9. A pr\u00e1v\u011b o nich si p\u0159e\u010dtete!<\/p>\n<\/div>\n\n\n\n<div class=\"wp-block-column is-layout-flow wp-block-column-is-layout-flow\" style=\"flex-basis:300px\"><\/div>\n<\/div>\n\n\n\n<div style=\"height:6px\" aria-hidden=\"true\" class=\"wp-block-spacer\"><\/div>\n\n\n\n<div class=\"wp-block-columns is-layout-flex wp-container-core-columns-is-layout-9d6595d7 wp-block-columns-is-layout-flex\">\n<div class=\"wp-block-column is-layout-flow wp-block-column-is-layout-flow\" style=\"flex-basis:25%\"><\/div>\n\n\n\n<div class=\"wp-block-column is-layout-flow wp-block-column-is-layout-flow\" style=\"flex-basis:50%\">\n<h4 class=\"wp-block-heading\"><strong>Obsah:<\/strong><\/h4>\n\n\n\n<ul class=\"wp-block-list\">\n<li style=\"font-size:17px\"><a href=\"#atrakcje\"><strong>Co d\u011bl\u00e1 Sn\u011bhurku tak v\u00fdjime\u010dnou?<\/strong><\/a><\/li>\n\n\n\n<li style=\"font-size:17px\"><a href=\"#world\"><strong>9 zaj\u00edmav\u00fdch fakt\u016f o Sn\u011bhurce, kter\u00e9 byste m\u011bli zn\u00e1t!<\/strong><\/a>\n<ol class=\"wp-block-list\">\n<li style=\"font-size:17px\"><a href=\"#kulig\">P\u0159esn\u00e1 v\u00fd\u0161ka? I milimetry hraj\u00ed roli.<\/a><\/li>\n\n\n\n<li><a href=\"#ar\">Na Sn\u011b\u017ece je chladn\u011bji ne\u017e v n\u011bkter\u00fdch oblastech Arktidy<\/a><\/li>\n\n\n\n<li><a href=\"#hur\">Hurik\u00e1ny? Na Sn\u011b\u017ece jsou to ka\u017edodenn\u00ed jevy.<\/a><\/li>\n\n\n\n<li style=\"font-size:17px\"><a href=\"#al\">Alpsk\u00e1 vegetace \u2013 ale v ni\u017e\u0161\u00ed nadmo\u0159sk\u00e9 v\u00fd\u0161ce<\/a><\/li>\n\n\n\n<li><a href=\"#ob\">Hv\u011bzd\u00e1rna jako ze sci-fi filmu<\/a><\/li>\n\n\n\n<li><a href=\"#po\">Po\u0161ta na st\u0159e\u0161e \u010cesk\u00e9 republiky a po\u0161\u0165\u00e1k, kter\u00fd oblet\u011bl sv\u011bt<\/a><\/li>\n\n\n\n<li><a href=\"#\u015bn\">Sn\u011bhurka v mlze po v\u011bt\u0161inu roku<\/a><\/li>\n\n\n\n<li><a href=\"#fio\">Fialov\u00e1 v\u016fn\u011b skal \u2013 v\u00e1\u017en\u011b!<\/a><\/li>\n\n\n\n<li><a href=\"#wu\">Sn\u011b\u017eka vypad\u00e1 jako sopka, ale je to iluze<\/a><\/li>\n<\/ol>\n<\/li>\n\n\n\n<li style=\"font-size:17px\"><a href=\"#podsumowanie\"><strong>souhrn<\/strong><\/a><\/li>\n<\/ul>\n\n\n\n<div style=\"height:49px\" aria-hidden=\"true\" class=\"wp-block-spacer\"><\/div>\n\n\n\n<div class=\"wp-block-cover has-parallax\" style=\"min-height:260px;aspect-ratio:unset;\"><div role=\"img\" aria-label=\"Zaj\u00edmavosti o Sn\u011b\u017ece - pohled na meteorologickou stanici\" class=\"wp-block-cover__image-background wp-image-6512 size-large has-parallax\" style=\"background-position:50% 50%;background-image:url(https:\/\/wonderhome.eu\/wp-content\/uploads\/2025\/05\/pexels-koprivakart-3281133-1-min-1024x696.jpg)\"><\/div><span aria-hidden=\"true\" class=\"wp-block-cover__background has-background-dim\" style=\"background-color:#282c42\"><\/span><div class=\"wp-block-cover__inner-container is-layout-constrained wp-block-cover-is-layout-constrained\">\n<p class=\"has-text-align-center has-white-color has-text-color has-link-color has-large-font-size wp-elements-a5cab228b2bc839a4dc4fec5edb6d902\" id=\"atrakcje\"><strong><strong>Co d\u011bl\u00e1 Sn\u011bhurku tak v\u00fdjime\u010dnou?<\/strong><\/strong><\/p>\n<\/div><\/div>\n\n\n\n<div style=\"height:10px\" aria-hidden=\"true\" class=\"wp-block-spacer\"><\/div>\n\n\n\n<p><strong>Sn\u011b\u017eka je v\u00edc ne\u017e jen nejvy\u0161\u0161\u00ed vrchol Krkono\u0161 \u2013 je to m\u00edsto, kde se p\u0159\u00edroda setk\u00e1v\u00e1 s histori\u00ed a v\u011bda s legendou.<\/strong> P\u0159esto\u017ee je vysok\u00e1 \u201epouze\u201c 1 603 metr\u016f, nab\u00edz\u00ed podm\u00ednky podobn\u00e9 t\u011bm na dalek\u00e9m severu, ka\u017edoro\u010dn\u011b p\u0159itahuje tis\u00edce turist\u016f a tak\u00e9 skr\u00fdv\u00e1 p\u00e1r p\u0159\u00edb\u011bh\u016f, kter\u00e9 by se snadno mohly dostat do cestopisn\u00fdch kronik. Ne\u017e si tedy nazujete turistick\u00e9 boty a vyraz\u00edte na stezku, poznejte tuto horu z m\u00e9n\u011b z\u0159ejm\u00e9 str\u00e1nky. <strong>Zde je 9 fakt\u016f o Sn\u011bhurce, kter\u00e9 v\u00e1s mo\u017en\u00e1 p\u0159ekvap\u00ed.<\/strong><\/p>\n\n\n\n<div style=\"height:34px\" aria-hidden=\"true\" class=\"wp-block-spacer\"><\/div>\n\n\n\n<div style=\"height:35px\" aria-hidden=\"true\" class=\"wp-block-spacer\"><\/div>\n\n\n\n<div style=\"height:39px\" aria-hidden=\"true\" class=\"wp-block-spacer\"><\/div>\n\n\n\n<hr class=\"wp-block-separator has-alpha-channel-opacity\"\/>\n\n\n\n<div style=\"height:39px\" aria-hidden=\"true\" class=\"wp-block-spacer\"><\/div>\n\n\n\n<p class=\"has-medium-font-size\"><strong>Byt s krbem, saunou nebo s v\u00fdhledem na Krkono\u0161e? Nechte se inspirovat a vyberte si m\u00edsto, kter\u00e9 dokonale vyhovuje va\u0161im pot\u0159eb\u00e1m:<\/strong><\/p>\n\n\n\n<div style=\"height:23px\" aria-hidden=\"true\" class=\"wp-block-spacer\"><\/div>\n\n\n\n<div class=\"wp-block-buttons is-horizontal is-content-justification-center is-layout-flex wp-container-core-buttons-is-layout-f7fed8db wp-block-buttons-is-layout-flex\" style=\"padding-top:var(--wp--preset--spacing--20);padding-right:var(--wp--preset--spacing--20);padding-bottom:var(--wp--preset--spacing--20);padding-left:var(--wp--preset--spacing--20)\">\n<div class=\"wp-block-button is-style-primary is-style-outline is-style-outline--1\"><a class=\"wp-block-button__link has-white-color has-text-color has-background has-link-color wp-element-button\" href=\"https:\/\/wonderhome.eu\/cz\/apartament\/1004\/3087\/\" style=\"border-radius:22px;background-color:#d7a97d\" target=\"_blank\" rel=\"noreferrer noopener\"><strong>Chata v B\u00edl\u00e9m dom\u011b<\/strong><\/a><\/div>\n\n\n\n<div class=\"wp-block-button is-style-primary is-style-outline is-style-outline--2\"><a class=\"wp-block-button__link has-white-color has-text-color has-background has-link-color wp-element-button\" href=\"https:\/\/wonderhome.eu\/cz\/apartament\/1591\/23959\/\" style=\"border-radius:22px;background-color:#d7a97d\" target=\"_blank\" rel=\"noreferrer noopener\"><strong>Smysln\u00fd luxusn\u00ed apartm\u00e1n<\/strong><\/a><\/div>\n\n\n\n<div class=\"wp-block-button is-style-primary is-style-outline is-style-outline--3\"><a class=\"wp-block-button__link has-white-color has-text-color has-background has-link-color wp-element-button\" href=\"https:\/\/wonderhome.eu\/cz\/apartament\/1591\/18629\/\" style=\"border-radius:22px;background-color:#d7a97d\" target=\"_blank\" rel=\"noreferrer noopener\"><strong>Chata Macadamia<\/strong><\/a><\/div>\n<\/div>\n\n\n\n<div style=\"height:39px\" aria-hidden=\"true\" class=\"wp-block-spacer\"><\/div>\n\n\n\n<hr class=\"wp-block-separator has-alpha-channel-opacity\"\/>\n\n\n\n<div style=\"height:39px\" aria-hidden=\"true\" class=\"wp-block-spacer\"><\/div>\n\n\n\n<div class=\"wp-block-cover has-parallax\" style=\"min-height:257px;aspect-ratio:unset;\"><div class=\"wp-block-cover__image-background wp-image-6513 size-large has-parallax\" style=\"background-position:50% 50%;background-image:url(https:\/\/wonderhome.eu\/wp-content\/uploads\/2025\/05\/pexels-mateusz-mierzejewski-622168159-28353040-2-min-1024x683.jpg)\"><\/div><span aria-hidden=\"true\" class=\"wp-block-cover__background has-background-dim\" style=\"background-color:#7a5f52\"><\/span><div class=\"wp-block-cover__inner-container is-layout-constrained wp-block-cover-is-layout-constrained\">\n<p class=\"has-text-align-center has-white-color has-text-color has-link-color has-large-font-size wp-elements-63c9cf93b1ea6c85b85222f61614b5ce\" id=\"world\"><strong>9 zaj\u00edmav\u00fdch fakt\u016f o Sn\u011bhurce, kter\u00e9 byste m\u011bli zn\u00e1t!<\/strong><\/p>\n<\/div><\/div>\n\n\n\n<div style=\"height:10px\" aria-hidden=\"true\" class=\"wp-block-spacer\"><\/div>\n\n\n\n<h2 class=\"wp-block-heading has-text-color has-link-color wp-elements-97f99f6c583e95d3d31b76d09fbba211\" id=\"kulig\" style=\"color:#d7a97d\">1. P\u0159esn\u00e1 v\u00fd\u0161ka? I na milimetrech z\u00e1le\u017e\u00ed!<\/h2>\n\n\n\n<p><strong>Sn\u011b\u017eka je ve sv\u00e9m nejvy\u0161\u0161\u00edm bod\u011b vysok\u00e1 p\u0159esn\u011b 1 603 metr\u016f, 29 centimetr\u016f a 6 milimetr\u016f.<\/strong> Tento bod se nach\u00e1z\u00ed na polsk\u00e9 stran\u011b, jen p\u00e1r metr\u016f od hranic s \u010ceskou republikou, hned vedle historick\u00e9 kaple svat\u00e9ho Vav\u0159ince. Zaj\u00edmav\u00e9 je, \u017ee nejvy\u0161\u0161\u00ed bod na \u010desk\u00e9 stran\u011b je o 10 centimetr\u016f n\u00ed\u017ee!<\/p>\n\n\n\n<p><strong>Ale to nen\u00ed v\u0161echno. V 16. stolet\u00ed humanista Krzysztof Schilling vypo\u010d\u00edtal, \u017ee Sn\u011b\u017eka je vysok\u00e1 a\u017e... 5 500 metr\u016f.<\/strong> A a\u010dkoliv se to dnes zd\u00e1 absurdn\u00ed, po v\u00edce ne\u017e 200 let to nikdo nezpochyb\u0148oval. To ukazuje, jak moc se zm\u011bnily mo\u017enosti m\u011b\u0159en\u00ed \u2013 a kolik m\u00fdt\u016f se m\u016f\u017ee kolem jedn\u00e9 hory vyvinout.<\/p>\n\n\n\n<div style=\"height:38px\" aria-hidden=\"true\" class=\"wp-block-spacer\"><\/div>\n\n\n<div class=\"wp-block-image\">\n<figure class=\"aligncenter size-large\"><img loading=\"lazy\" decoding=\"async\" width=\"1024\" height=\"576\" src=\"https:\/\/wonderhome.eu\/wp-content\/uploads\/2025\/05\/9-min-1024x576.jpg\" alt=\"\" class=\"wp-image-6509\" style=\"object-fit:cover\" srcset=\"https:\/\/wonderhome.eu\/wp-content\/uploads\/2025\/05\/9-min-1024x576.jpg 1024w, https:\/\/wonderhome.eu\/wp-content\/uploads\/2025\/05\/9-min-300x169.jpg 300w, https:\/\/wonderhome.eu\/wp-content\/uploads\/2025\/05\/9-min-768x432.jpg 768w, https:\/\/wonderhome.eu\/wp-content\/uploads\/2025\/05\/9-min-1536x864.jpg 1536w, https:\/\/wonderhome.eu\/wp-content\/uploads\/2025\/05\/9-min-18x10.jpg 18w, https:\/\/wonderhome.eu\/wp-content\/uploads\/2025\/05\/9-min.jpg 1920w\" sizes=\"auto, (max-width: 1024px) 100vw, 1024px\" \/><\/figure>\n<\/div>\n\n\n<div style=\"height:38px\" aria-hidden=\"true\" class=\"wp-block-spacer\"><\/div>\n\n\n\n<h2 class=\"wp-block-heading has-text-color has-link-color wp-elements-54b4bbc59073a82946693e0d05cc3351\" id=\"ar\" style=\"color:#d7a97d\">2. Sn\u011b\u017eka je chladn\u011bj\u0161\u00ed ne\u017e n\u011bkter\u00e9 oblasti Arktidy<\/h2>\n\n\n\n<p>Kdo si mysl\u00ed, \u017ee zima v hor\u00e1ch kon\u010d\u00ed v b\u0159eznu, je\u0161t\u011b nebyl na Sn\u011b\u017ece. <strong>Pr\u016fm\u011brn\u00e1 ro\u010dn\u00ed teplota je zde pouze 0,4 \u00b0C. Asi 1\/3 roku teplota nep\u0159ekro\u010d\u00ed -5 \u00b0C a sn\u00edh le\u017e\u00ed od \u0159\u00edjna do kv\u011btna.<\/strong><\/p>\n\n\n\n<p>Nen\u00ed n\u00e1hoda, \u017ee b\u011bhem druh\u00e9 sv\u011btov\u00e9 v\u00e1lky byla Sn\u011b\u017eka vyu\u017e\u00edv\u00e1na Luftwaffe a Wehrmachtem jako cvi\u010di\u0161t\u011b pro voj\u00e1ky, kte\u0159\u00ed m\u011bli bojovat v podm\u00ednk\u00e1ch dalek\u00e9ho severu. P\u0159\u00edrodn\u00ed zku\u0161ebn\u00ed pole.<\/p>\n\n\n\n<div style=\"height:30px\" aria-hidden=\"true\" class=\"wp-block-spacer\"><\/div>\n\n\n<div class=\"wp-block-image\">\n<figure class=\"aligncenter size-large\"><img loading=\"lazy\" decoding=\"async\" width=\"1024\" height=\"576\" src=\"https:\/\/wonderhome.eu\/wp-content\/uploads\/2025\/05\/6-min-1024x576.jpg\" alt=\"\" class=\"wp-image-6517\" srcset=\"https:\/\/wonderhome.eu\/wp-content\/uploads\/2025\/05\/6-min-1024x576.jpg 1024w, https:\/\/wonderhome.eu\/wp-content\/uploads\/2025\/05\/6-min-300x169.jpg 300w, https:\/\/wonderhome.eu\/wp-content\/uploads\/2025\/05\/6-min-768x432.jpg 768w, https:\/\/wonderhome.eu\/wp-content\/uploads\/2025\/05\/6-min-1536x864.jpg 1536w, https:\/\/wonderhome.eu\/wp-content\/uploads\/2025\/05\/6-min-18x10.jpg 18w, https:\/\/wonderhome.eu\/wp-content\/uploads\/2025\/05\/6-min.jpg 1920w\" sizes=\"auto, (max-width: 1024px) 100vw, 1024px\" \/><\/figure>\n<\/div>\n\n\n<div style=\"height:30px\" aria-hidden=\"true\" class=\"wp-block-spacer\"><\/div>\n\n\n\n<h2 class=\"wp-block-heading has-text-color has-link-color wp-elements-bc6662e244a9aab9fbc0af2106f4c7d2\" id=\"hur\" style=\"color:#d7a97d\">3. Hurik\u00e1ny? Na Sn\u011b\u017ece jsou ka\u017edodenn\u00ed z\u00e1le\u017eitost\u00ed<\/h2>\n\n\n\n<p><strong>Na vrcholu Sn\u011b\u017eky fouk\u00e1 v\u00edtr o rychlosti p\u0159esahuj\u00edc\u00ed 15 m\/s v pr\u016fm\u011bru 206 dn\u00ed v roce.<\/strong> A rekord? 288 km\/h \u2013 to je rychlej\u0161\u00ed ne\u017e vzletov\u00e1 rychlost osobn\u00edho letadla! Tyto podm\u00ednky ovliv\u0148uj\u00ed nejen po\u010das\u00ed, ale i krajinu a mikroklima hory.<\/p>\n\n\n\n<p>Nen\u00ed bezd\u016fvodn\u00e9, \u017ee mnoho lid\u00ed, kte\u0159\u00ed poprv\u00e9 stoupaj\u00ed na vrchol, je p\u0159ekvapeno n\u00e1hlou zm\u011bnou po\u010das\u00ed \u2013 a to i v l\u00e9t\u011b.<\/p>\n\n\n\n<h2 class=\"wp-block-heading has-text-color has-link-color wp-elements-a89a7e970bb3092836326d39720d15ea\" id=\"al\" style=\"color:#d7a97d\">4. Alpsk\u00e1 vegetace \u2013 ale v ni\u017e\u0161\u00ed nadmo\u0159sk\u00e9 v\u00fd\u0161ce<\/h2>\n\n\n\n<p><strong>D\u00edky mimo\u0159\u00e1dn\u011b drsn\u00e9mu klimatu zde za\u010d\u00edn\u00e1 alpsk\u00e9 vegeta\u010dn\u00ed p\u00e1smo v nadmo\u0159sk\u00e9 v\u00fd\u0161ce 1 450 m.<\/strong>., co\u017e je mnohem n\u00ed\u017e ne\u017e v Tatr\u00e1ch (tam \u2013 od 1800 m). Najdeme zde mimo jin\u00e9:<\/p>\n\n\n\n<ul class=\"wp-block-list\">\n<li><strong>Lomik\u00e1men sn\u011b\u017en\u00fd<\/strong>, <\/li>\n\n\n\n<li><strong>Alpsk\u00fd n\u00e1prstek<\/strong>, <\/li>\n\n\n\n<li><strong>R\u016fzn\u00e9 li\u0161ejn\u00edky<\/strong>, kter\u00e9 se p\u0159izp\u016fsobily \u017eivotu v extr\u00e9mn\u00edch podm\u00ednk\u00e1ch.<\/li>\n<\/ul>\n\n\n\n<p>Pro botaniky je to r\u00e1j \u2013 a skute\u010dn\u00e1 klimatick\u00e1 laborato\u0159.<\/p>\n\n\n\n<div style=\"height:30px\" aria-hidden=\"true\" class=\"wp-block-spacer\"><\/div>\n\n\n<div class=\"wp-block-image\">\n<figure class=\"aligncenter size-large is-resized\"><a href=\"https:\/\/commons.wikimedia.org\/w\/index.php?curid=65846749 \"><img loading=\"lazy\" decoding=\"async\" width=\"1024\" height=\"768\" src=\"https:\/\/wonderhome.eu\/wp-content\/uploads\/2025\/06\/Armeria_alpina_35778769564-1024x768.jpg\" alt=\"\" class=\"wp-image-6520\" style=\"object-fit:cover;width:850px;height:450px\" srcset=\"https:\/\/wonderhome.eu\/wp-content\/uploads\/2025\/06\/Armeria_alpina_35778769564-1024x768.jpg 1024w, https:\/\/wonderhome.eu\/wp-content\/uploads\/2025\/06\/Armeria_alpina_35778769564-300x225.jpg 300w, https:\/\/wonderhome.eu\/wp-content\/uploads\/2025\/06\/Armeria_alpina_35778769564-768x576.jpg 768w, https:\/\/wonderhome.eu\/wp-content\/uploads\/2025\/06\/Armeria_alpina_35778769564-1536x1152.jpg 1536w, https:\/\/wonderhome.eu\/wp-content\/uploads\/2025\/06\/Armeria_alpina_35778769564-2048x1536.jpg 2048w, https:\/\/wonderhome.eu\/wp-content\/uploads\/2025\/06\/Armeria_alpina_35778769564-16x12.jpg 16w, https:\/\/wonderhome.eu\/wp-content\/uploads\/2025\/06\/Armeria_alpina_35778769564-scaled.jpg 1440w\" sizes=\"auto, (max-width: 1024px) 100vw, 1024px\" \/><\/a><figcaption class=\"wp-element-caption\">Tymi\u00e1n alpsk\u00fd, zdroj: Autor: xulescu_g - Armeria alpina, CC BY-SA 2.0, <a href=\"https:\/\/commons.wikimedia.org\/w\/index.php?curid=65846749\" target=\"_blank\" rel=\"noreferrer noopener\">Wikimedia Commons<\/a> <\/figcaption><\/figure>\n<\/div>\n\n\n<div style=\"height:30px\" aria-hidden=\"true\" class=\"wp-block-spacer\"><\/div>\n\n\n\n<h2 class=\"wp-block-heading has-text-color has-link-color wp-elements-db5a4e3cfd30d4c21362fc73da592a32\" id=\"ob\" style=\"color:#d7a97d\">5. Hv\u011bzd\u00e1rna jako ze sci-fi filmu<\/h2>\n\n\n\n<p><strong>Charakteristickou budovou p\u0159ipom\u00ednaj\u00edc\u00ed \u201el\u00e9taj\u00edc\u00ed tal\u00ed\u0159e\u201c je Vysokohorsk\u00e1 meteorologick\u00e1 observato\u0159.<\/strong> Vznikl v 70. letech 20. stolet\u00ed a a\u010dkoli zpo\u010d\u00e1tku vyvol\u00e1val kontroverze, dnes je jedn\u00edm ze symbol\u016f Sn\u011b\u017eky.<\/p>\n\n\n\n<p>D\u016fle\u017eit\u00e9 je, \u017ee se jedn\u00e1 o jednu z pouh\u00fdch dvou takov\u00fdch observato\u0159\u00ed v Polsku. Druh\u00e1 se nach\u00e1z\u00ed na Kasprow\u00e9m vrchu.<\/p>\n\n\n\n<h2 class=\"wp-block-heading has-text-color has-link-color wp-elements-7ddc363b3cd2117669ae053df655bf9a\" id=\"po\" style=\"color:#d7a97d\">6. Po\u0161ta na st\u0159e\u0161e \u010cesk\u00e9 republiky a po\u0161\u0165\u00e1k, kter\u00fd oblet\u011bl sv\u011bt<\/h2>\n\n\n\n<p><strong>Na Sn\u011b\u017ece se nach\u00e1z\u00ed nejv\u00fd\u0161e polo\u017een\u00e1 \u010desk\u00e1 po\u0161ta.<\/strong> Nen\u00ed to jen kuriozita \u2013 m\u016f\u017eete sem skute\u010dn\u011b poslat pohlednici a p\u0159idat k n\u00ed speci\u00e1ln\u00ed raz\u00edtko.<\/p>\n\n\n\n<p>P\u0159\u00edb\u011bh je je\u0161t\u011b zaj\u00edmav\u011bj\u0161\u00ed <strong>Robert Flei\u00df \u2013 legend\u00e1rn\u00ed po\u0161\u0165\u00e1k<\/strong>, kter\u00fd ka\u017ed\u00fd den po dobu 37 let nosil po\u0161tu z hory. U\u0161el vzd\u00e1lenost rovnaj\u00edc\u00ed se trojn\u00e1sobn\u00e9mu obchvatu Zem\u011b a po\u0161ta, kterou nesl, by mohla naplnit 300 n\u00e1kladn\u00edch vagon\u016f.<\/p>\n\n\n\n<h2 class=\"wp-block-heading has-text-color has-link-color wp-elements-4f003bb9f2730e1db3d878d813bbee38\" id=\"\u015bn\" style=\"color:#d7a97d\">7. Sn\u011bhurka v mlze po v\u011bt\u0161inu roku<\/h2>\n\n\n\n<p><strong>Vrchol je v\u00edce ne\u017e 300 dn\u00ed v roce zahalen mlhou. <\/strong>D\u00edky tomuto jevu zde lze \u010dasto pozorovat optick\u00e9 \u201ez\u00e1zraky\u201c:<\/p>\n\n\n\n<ul class=\"wp-block-list\">\n<li><strong>Ohe\u0148 svat\u00e9ho Elma<\/strong> \u2013 jemn\u00e9 elektrick\u00e9 v\u00fdboje na kovov\u00fdch p\u0159edm\u011btech, ohla\u0161uj\u00edc\u00ed bou\u0159ku. <\/li>\n\n\n\n<li><strong>P\u0159\u00edzrak z Brockenu<\/strong> \u2013 st\u00edn pozorovatele vr\u017een\u00fd na mlhu, obklopen\u00fd duhovou svatoz\u00e1\u0159em. <\/li>\n\n\n\n<li><strong>Glorie<\/strong> \u2013 barevn\u00e9 kruhy sv\u011btla objevuj\u00edc\u00ed se kolem st\u00ednu.<\/li>\n<\/ul>\n\n\n\n<div style=\"height:30px\" aria-hidden=\"true\" class=\"wp-block-spacer\"><\/div>\n\n\n<div class=\"wp-block-image\">\n<figure class=\"aligncenter size-large\"><img loading=\"lazy\" decoding=\"async\" width=\"1024\" height=\"576\" src=\"https:\/\/wonderhome.eu\/wp-content\/uploads\/2025\/06\/Tapety-rozne-71-min-1024x576.jpg\" alt=\"Widmo Brockenu - \u015anie\u017cka\" class=\"wp-image-6519\" srcset=\"https:\/\/wonderhome.eu\/wp-content\/uploads\/2025\/06\/Tapety-rozne-71-min-1024x576.jpg 1024w, https:\/\/wonderhome.eu\/wp-content\/uploads\/2025\/06\/Tapety-rozne-71-min-300x169.jpg 300w, https:\/\/wonderhome.eu\/wp-content\/uploads\/2025\/06\/Tapety-rozne-71-min-768x432.jpg 768w, https:\/\/wonderhome.eu\/wp-content\/uploads\/2025\/06\/Tapety-rozne-71-min-1536x864.jpg 1536w, https:\/\/wonderhome.eu\/wp-content\/uploads\/2025\/06\/Tapety-rozne-71-min-18x10.jpg 18w, https:\/\/wonderhome.eu\/wp-content\/uploads\/2025\/06\/Tapety-rozne-71-min.jpg 1920w\" sizes=\"auto, (max-width: 1024px) 100vw, 1024px\" \/><figcaption class=\"wp-element-caption\">P\u0159\u00edzrak z Brockenu<\/figcaption><\/figure>\n<\/div>\n\n\n<div style=\"height:30px\" aria-hidden=\"true\" class=\"wp-block-spacer\"><\/div>\n\n\n\n<h2 class=\"wp-block-heading has-text-color has-link-color wp-elements-6cfc3209fda9e6295851cb3fbdb5bd3e\" id=\"fio\" style=\"color:#d7a97d\">8. Fialov\u00e1 v\u016fn\u011b skal \u2013 v\u00e1\u017en\u011b!<\/h2>\n\n\n\n<p><strong>V 17. a 18. stolet\u00ed se z vrcholov\u00fdch skal linula v\u016fn\u011b... fialek. D\u016fvod? \u0158asa Trentepohlia jolithus, kter\u00e1 na kamenech rostla. <\/strong>Kdy\u017e byl k\u00e1men navlh\u010den nebo zah\u0159\u00e1t, za\u010dal von\u011bt po parf\u00e9mu. Bohu\u017eel kv\u016fli intenzivn\u00edmu sb\u011bru a zm\u011bn\u011b klimatu \u0159asy z oblasti Sn\u011b\u017eky zmizely.<\/p>\n\n\n\n<p>Tohle je jeden z t\u011bch p\u0159\u00edb\u011bh\u016f, kter\u00e9 zn\u00ed jako legenda, ale jsou velmi pravdiv\u00e9.<\/p>\n\n\n\n<h2 class=\"wp-block-heading has-text-color has-link-color wp-elements-d9d145e76d9224436b5adfc96f769daf\" id=\"wu\" style=\"color:#d7a97d\">9. Byla Sn\u011bhurka sopka?<\/h2>\n\n\n\n<p><strong>Jej\u00ed ku\u017eelovit\u00fd tvar m\u016f\u017ee nazna\u010dovat sope\u010dn\u00fd p\u016fvod \u2013 Sn\u011b\u017eka se v\u0161ak skl\u00e1d\u00e1 p\u0159ev\u00e1\u017en\u011b z \u017euly a rohovce, tj. metamorfovan\u00fdch hornin. <\/strong>To je v\u00fdsledek obrovsk\u00fdch tektonick\u00fdch sil z doby p\u0159ed miliony let, kdy se Alpy vyzdvihovaly.<\/p>\n\n\n\n<p><strong>Zaj\u00edmav\u00e9 je, \u017ee rohovce nejsou vid\u011bt jen naho\u0159e \u2013 jejich \u00falomky jsou viditeln\u00e9 i v centru Karpacze.<\/strong> Na ulici Obro\u0144c\u00f3w Pokoju se nach\u00e1z\u00ed star\u00fd kamenolom, objeven\u00fd p\u0159i stavb\u011b silnice na za\u010d\u00e1tku 20. stolet\u00ed. Pr\u00e1v\u011b tam byla odkryta \u010d\u00e1st obrovsk\u00e9 kra rohovce.<\/p>\n\n\n\n<div style=\"height:30px\" aria-hidden=\"true\" class=\"wp-block-spacer\"><\/div>\n\n\n<div class=\"wp-block-image\">\n<figure class=\"aligncenter size-full is-resized\"><img loading=\"lazy\" decoding=\"async\" width=\"975\" height=\"806\" src=\"https:\/\/wonderhome.eu\/wp-content\/uploads\/2025\/06\/Hornfels_8-min.jpg\" alt=\"\" class=\"wp-image-6521\" style=\"object-fit:cover;width:850px;height:450px\" srcset=\"https:\/\/wonderhome.eu\/wp-content\/uploads\/2025\/06\/Hornfels_8-min.jpg 975w, https:\/\/wonderhome.eu\/wp-content\/uploads\/2025\/06\/Hornfels_8-min-300x248.jpg 300w, https:\/\/wonderhome.eu\/wp-content\/uploads\/2025\/06\/Hornfels_8-min-768x635.jpg 768w, https:\/\/wonderhome.eu\/wp-content\/uploads\/2025\/06\/Hornfels_8-min-15x12.jpg 15w\" sizes=\"auto, (max-width: 975px) 100vw, 975px\" \/><figcaption class=\"wp-element-caption\">Hornfels, zdroj: Autor: Piotr Sosnowski - Vlastn\u00ed d\u00edlo, CC BY-SA 4.0, <a href=\"https:\/\/commons.wikimedia.org\/w\/index.php?curid=4765298\">Wikimedia Commons <\/a><\/figcaption><\/figure>\n<\/div>\n\n\n<div style=\"height:30px\" aria-hidden=\"true\" class=\"wp-block-spacer\"><\/div>\n\n\n\n<h2 class=\"wp-block-heading has-text-align-left has-text-color has-link-color wp-elements-3f14f603d67143ba875984a10545eaec\" id=\"zainspiruj\" style=\"color:#d7a97d\">\ud83e\udded Stru\u010dn\u011b \u0159e\u010deno: 5 v\u011bc\u00ed, kter\u00e9 stoj\u00ed za to si pamatovat p\u0159ed cestou do Sn\u011b\u017eky<\/h2>\n\n\n\n<p>\u2013 <strong>Vezm\u011bte si n\u011bco tepl\u00e9ho<\/strong> \u2013 i v \u010dervenci se m\u016f\u017eete setkat s ledov\u00fdm v\u011btrem a teplotami bl\u00edzk\u00fdmi bodu mrazu.<br>\u2013 <strong>Zkontrolujte p\u0159edpov\u011b\u010f<\/strong> \u2013 na Sn\u011b\u017ece nejsou mlhy a bou\u0159ky v\u00fdjimkou, ale normou.<br>\u2013 <strong>Nesp\u011bchej<\/strong> \u2013 v\u00fdchod a z\u00e1pad slunce zde mohou ud\u011blat v\u011bt\u0161\u00ed dojem ne\u017e v\u00fdhled shora.<br>\u2013 <strong>Nav\u0161tivte kapli svat\u00e9ho Vav\u0159ince<\/strong> \u2013 toto je srdce hory a nejstar\u0161\u00ed budova na jej\u00edm vrcholu.<br>\u2013 <strong>Hv\u011bzd\u00e1rna a \u010cesk\u00e1 po\u0161ta? Nutnost!<\/strong> \u2013 unik\u00e1tn\u00ed architektura a skv\u011bl\u00e1 p\u0159\u00edle\u017eitost pro origin\u00e1ln\u00ed pohlednici z v\u00fd\u0161ky 1603 m n. m.<\/p>\n\n\n\n<h2 class=\"wp-block-heading has-text-align-left has-text-color has-link-color wp-elements-9328ca39b669cfe436788a9002d26266\" id=\"zainspiruj\" style=\"color:#d7a97d\">Zjist\u011bte v\u00edce!<\/h2>\n\n\n\n<p><strong>Nezapome\u0148te se pod\u00edvat na na\u0161e p\u0159edchoz\u00ed p\u0159\u00edsp\u011bvky o Karpaczi:<\/strong><\/p>\n\n\n\n<ul class=\"wp-block-list\">\n<li><strong><a href=\"https:\/\/wonderhome.eu\/cz\/blog\/co-zobaczyc-w-karpaczu-2\/\">TOP 17 nejlep\u0161\u00edch atrakc\u00ed v Karpaczi!<\/a><\/strong><\/li>\n\n\n\n<li><strong><a href=\"https:\/\/wonderhome.eu\/cz\/blog\/co-robic-z-dziecmi-w-karpaczu\/\">Co d\u011blat s d\u011btmi v Karpaczi? Praktick\u00fd pr\u016fvodce<\/a><\/strong><\/li>\n\n\n\n<li><a href=\"https:\/\/wonderhome.eu\/cz\/blog\/wakacje-z-psem-w-karpaczu\/\"><strong>Dovolen\u00e1 se psem v Karpaczi<\/strong><\/a><\/li>\n\n\n\n<li><strong><a href=\"https:\/\/wonderhome.eu\/cz\/blog\/co-robic-w-karpaczu-gdy-pada-deszcz\/\">Co d\u011blat v Karpaczi, kdy\u017e pr\u0161\u00ed? Nejlep\u0161\u00ed atrakce pro \u0161patn\u00e9 po\u010das\u00ed!<\/a><\/strong><\/li>\n<\/ul>\n\n\n\n<div style=\"height:39px\" aria-hidden=\"true\" class=\"wp-block-spacer\"><\/div>\n\n\n\n<hr class=\"wp-block-separator has-alpha-channel-opacity\"\/>\n\n\n\n<div style=\"height:25px\" aria-hidden=\"true\" class=\"wp-block-spacer\"><\/div>\n\n\n\n<p class=\"has-text-align-center has-black-color has-text-color has-link-color wp-elements-0a3f18f88a9f82ce227154263d396648\" style=\"font-size:20px\"><strong>St\u00e1hn\u011bte si na\u0161e bezplatn\u00e9 pr\u016fvodce do Karpacze a \u015awierad\u00f3wa-Zdr\u00f3je!<\/strong><\/p>\n\n\n\n<div class=\"wp-block-buttons is-horizontal is-content-justification-center is-layout-flex wp-container-core-buttons-is-layout-f7fed8db wp-block-buttons-is-layout-flex\" style=\"padding-top:var(--wp--preset--spacing--20);padding-right:var(--wp--preset--spacing--20);padding-bottom:var(--wp--preset--spacing--20);padding-left:var(--wp--preset--spacing--20)\">\n<div class=\"wp-block-button is-style-primary is-style-outline animated backInLeft is-style-outline--4\"><a class=\"wp-block-button__link has-white-color has-text-color has-background has-link-color wp-element-button\" href=\"https:\/\/wonderhome.eu\/cz\/przewodnik-po-karpaczu\/\" style=\"border-radius:22px;background-color:#d7a97d\" target=\"_blank\" rel=\"noreferrer noopener\"><strong>Karpacz<\/strong><\/a><\/div>\n\n\n\n<div class=\"wp-block-button is-style-primary is-style-outline animated backInRight is-style-outline--5\"><a class=\"wp-block-button__link has-white-color has-text-color has-background has-link-color wp-element-button\" href=\"https:\/\/wonderhome.eu\/cz\/przewodnik-po-swieradowie-zdroju\/\" style=\"border-radius:22px;background-color:#d7a97d\" target=\"_blank\" rel=\"noreferrer noopener\"><strong>\u015awierad\u00f3w-Zdr\u00f3j<\/strong><\/a><\/div>\n<\/div>\n\n\n\n<div style=\"height:39px\" aria-hidden=\"true\" class=\"wp-block-spacer\"><\/div>\n\n\n\n<hr class=\"wp-block-separator has-alpha-channel-opacity\"\/>\n\n\n\n<div style=\"height:39px\" aria-hidden=\"true\" class=\"wp-block-spacer\"><\/div>\n\n\n\n<figure class=\"wp-block-image size-large is-resized\"><img loading=\"lazy\" decoding=\"async\" width=\"1024\" height=\"683\" src=\"https:\/\/wonderhome.eu\/wp-content\/uploads\/2025\/05\/pexels-jedrzej-koralewski-14125120-20192295-min-1024x683.jpg\" alt=\"\" class=\"wp-image-6511\" style=\"object-fit:cover;width:850px;height:450px\" srcset=\"https:\/\/wonderhome.eu\/wp-content\/uploads\/2025\/05\/pexels-jedrzej-koralewski-14125120-20192295-min-1024x683.jpg 1024w, https:\/\/wonderhome.eu\/wp-content\/uploads\/2025\/05\/pexels-jedrzej-koralewski-14125120-20192295-min-300x200.jpg 300w, https:\/\/wonderhome.eu\/wp-content\/uploads\/2025\/05\/pexels-jedrzej-koralewski-14125120-20192295-min-768x512.jpg 768w, https:\/\/wonderhome.eu\/wp-content\/uploads\/2025\/05\/pexels-jedrzej-koralewski-14125120-20192295-min-1536x1024.jpg 1536w, https:\/\/wonderhome.eu\/wp-content\/uploads\/2025\/05\/pexels-jedrzej-koralewski-14125120-20192295-min-2048x1365.jpg 2048w, https:\/\/wonderhome.eu\/wp-content\/uploads\/2025\/05\/pexels-jedrzej-koralewski-14125120-20192295-min-18x12.jpg 18w, https:\/\/wonderhome.eu\/wp-content\/uploads\/2025\/05\/pexels-jedrzej-koralewski-14125120-20192295-min-scaled.jpg 1620w\" sizes=\"auto, (max-width: 1024px) 100vw, 1024px\" \/><\/figure>\n\n\n\n<div style=\"height:39px\" aria-hidden=\"true\" class=\"wp-block-spacer\"><\/div>\n\n\n\n<hr class=\"wp-block-separator has-alpha-channel-opacity\"\/>\n\n\n\n<div style=\"height:39px\" aria-hidden=\"true\" class=\"wp-block-spacer\"><\/div>\n\n\n\n<p class=\"has-text-align-center has-text-color has-link-color wp-elements-ec1e041d1a6bc21774eeb1cec33fc024\" style=\"color:#d7a97d;font-size:20px\"><strong>Sledujte Wonder Home Apartments na soci\u00e1ln\u00edch s\u00edt\u00edch!<\/strong><\/p>\n\n\n\n<div class=\"wp-block-buttons is-horizontal is-content-justification-center is-layout-flex wp-container-core-buttons-is-layout-f7fed8db wp-block-buttons-is-layout-flex\" style=\"padding-top:var(--wp--preset--spacing--20);padding-right:var(--wp--preset--spacing--20);padding-bottom:var(--wp--preset--spacing--20);padding-left:var(--wp--preset--spacing--20)\">\n<div class=\"wp-block-button is-style-primary is-style-outline is-style-outline--6\"><a class=\"wp-block-button__link has-white-color has-text-color has-background has-link-color wp-element-button\" style=\"border-radius:22px;background-color:#06376a\"><strong>Facebook<\/strong><\/a><\/div>\n\n\n\n<div class=\"wp-block-button is-style-primary is-style-outline is-style-outline--7\"><a class=\"wp-block-button__link has-white-color has-text-color has-background has-link-color wp-element-button\" href=\"https:\/\/www.instagram.com\/apartamenty_wonder_home\/?hl=pl\" style=\"border-radius:22px;background:linear-gradient(81deg,rgb(255,203,112) 0%,rgb(199,81,192) 50%,rgb(65,88,208) 100%)\" target=\"_blank\" rel=\"noreferrer noopener\"><strong>Instagram<\/strong><\/a><\/div>\n\n\n\n<div class=\"wp-block-button is-style-primary is-style-outline is-style-outline--8\"><a class=\"wp-block-button__link has-white-color has-vivid-red-background-color has-text-color has-background has-link-color wp-element-button\" href=\"https:\/\/www.youtube.com\/channel\/UCy2cOiwvtYYOORiz00Ik4DQ\/videos\" style=\"border-radius:22px\" target=\"_blank\" rel=\"noreferrer noopener\"><strong>YouTube<\/strong><\/a><\/div>\n<\/div>\n\n\n\n<div style=\"height:39px\" aria-hidden=\"true\" class=\"wp-block-spacer\"><\/div>\n\n\n\n<hr class=\"wp-block-separator has-alpha-channel-opacity\"\/>\n\n\n\n<div style=\"height:39px\" aria-hidden=\"true\" class=\"wp-block-spacer\"><\/div>\n\n\n\n<div class=\"wp-block-cover has-parallax\" style=\"min-height:260px;aspect-ratio:unset;\"><div class=\"wp-block-cover__image-background wp-image-4863 has-parallax\" style=\"background-position:50% 50%;background-image:url(https:\/\/wonderhome.eu\/wp-content\/uploads\/2024\/11\/Zdjecia-na-strony.jpg)\"><\/div><span aria-hidden=\"true\" class=\"wp-block-cover__background has-background-dim\" style=\"background-color:#865c39\"><\/span><div class=\"wp-block-cover__inner-container is-layout-constrained wp-block-cover-is-layout-constrained\">\n<p class=\"has-text-align-center has-white-color has-text-color has-link-color has-large-font-size wp-elements-35a560adcd220347b60d9190aa287f31\" id=\"podsumowanie\"><strong>souhrn<\/strong><\/p>\n<\/div><\/div>\n\n\n\n<p>Sn\u011b\u017eka nen\u00ed jen bod na map\u011b a vrchol k zdol\u00e1n\u00ed \u2013 je to hora s charakterem, histori\u00ed a jedine\u010dnou atmosf\u00e9rou. Ne\u017e se vyd\u00e1te na stezku, stoj\u00ed za to si ud\u011blat chvilku a odhalit jej\u00ed tajemstv\u00ed. A jakmile se dostanete na jej\u00ed vrchol, poc\u00edt\u00edte jedine\u010dnou energii, d\u00edky kter\u00e9 si toto m\u00edsto na dlouhou dobu uchov\u00e1te v pam\u011bti.<\/p>\n<\/div>\n\n\n\n<div class=\"wp-block-column is-layout-flow wp-block-column-is-layout-flow\" style=\"flex-basis:25%\">\n<div class=\"wp-block-group is-nowrap is-layout-flex wp-container-core-group-is-layout-ad2f72ca wp-block-group-is-layout-flex\">\n<div style=\"height:100px;width:0px\" aria-hidden=\"true\" class=\"wp-block-spacer wp-container-content-6388d5dc\"><\/div>\n<\/div>\n<\/div>\n\n\n\n<div class=\"wp-block-column is-layout-flow wp-block-column-is-layout-flow\"><\/div>\n<\/div>\n\n\n\n<hr class=\"wp-block-separator has-alpha-channel-opacity\"\/>\n\n\n<div class=\"wp-block-image\">\n<figure class=\"aligncenter size-full\"><img loading=\"lazy\" decoding=\"async\" width=\"1934\" height=\"610\" src=\"https:\/\/wonderhome.eu\/wp-content\/uploads\/2024\/07\/Kwiat-Zdjecie-Cytat-Wiosna-Facebook-Zdjecie-w-Tle-9.jpg\" alt=\"\" class=\"wp-image-2878\" srcset=\"https:\/\/wonderhome.eu\/wp-content\/uploads\/2024\/07\/Kwiat-Zdjecie-Cytat-Wiosna-Facebook-Zdjecie-w-Tle-9.jpg 1934w, https:\/\/wonderhome.eu\/wp-content\/uploads\/2024\/07\/Kwiat-Zdjecie-Cytat-Wiosna-Facebook-Zdjecie-w-Tle-9-300x95.jpg 300w, https:\/\/wonderhome.eu\/wp-content\/uploads\/2024\/07\/Kwiat-Zdjecie-Cytat-Wiosna-Facebook-Zdjecie-w-Tle-9-1024x323.jpg 1024w, https:\/\/wonderhome.eu\/wp-content\/uploads\/2024\/07\/Kwiat-Zdjecie-Cytat-Wiosna-Facebook-Zdjecie-w-Tle-9-768x242.jpg 768w, https:\/\/wonderhome.eu\/wp-content\/uploads\/2024\/07\/Kwiat-Zdjecie-Cytat-Wiosna-Facebook-Zdjecie-w-Tle-9-1536x484.jpg 1536w\" sizes=\"auto, (max-width: 1934px) 100vw, 1934px\" \/><\/figure>\n<\/div>\n\n\n<p style=\"font-size:16px\"><strong>Autor:<\/strong> Eliza Tomakaov\u00e1<\/p>\n\n\n\n<div style=\"height:51px\" aria-hidden=\"true\" class=\"wp-block-spacer\"><\/div>\n\n\n\n<hr class=\"wp-block-separator has-alpha-channel-opacity\"\/>\n\n\n\n<div style=\"height:100px\" aria-hidden=\"true\" class=\"wp-block-spacer\"><\/div>","protected":false},"featured_media":6518,"template":"","categories":[33],"class_list":["post-6484","blog","type-blog","status-publish","has-post-thumbnail","hentry","category-karpacz"],"acf":[],"yoast_head":"<!-- This site is optimized with the Yoast SEO plugin v27.4 - https:\/\/yoast.com\/product\/yoast-seo-wordpress\/ -->\n<title>\u015anie\u017cka ciekawostki: Odkryj 9 fakt\u00f3w o kr\u00f3lowej Karkonoszy!<\/title>\n<meta name=\"description\" content=\"\u015anie\u017cka ciekawostki - 9 zaskakuj\u0105cych ciekawostek o najwy\u017cszym szczycie Karkonoszy. Poznaj histori\u0119 i tajemnice kr\u00f3lowej Sudet\u00f3w!\" \/>\n<meta name=\"robots\" content=\"index, follow, max-snippet:-1, max-image-preview:large, max-video-preview:-1\" \/>\n<link rel=\"canonical\" href=\"https:\/\/wonderhome.eu\/cz\/blog\/sniezka-ciekawostki-9-faktow\/\" \/>\n<meta property=\"og:locale\" content=\"cs_CZ\" \/>\n<meta property=\"og:type\" content=\"article\" \/>\n<meta property=\"og:title\" content=\"\u015anie\u017cka ciekawostki: Odkryj 9 fakt\u00f3w o kr\u00f3lowej Karkonoszy!\" \/>\n<meta property=\"og:description\" content=\"\u015anie\u017cka ciekawostki - 9 zaskakuj\u0105cych ciekawostek o najwy\u017cszym szczycie Karkonoszy. Poznaj histori\u0119 i tajemnice kr\u00f3lowej Sudet\u00f3w!\" \/>\n<meta property=\"og:url\" content=\"https:\/\/wonderhome.eu\/cz\/blog\/sniezka-ciekawostki-9-faktow\/\" \/>\n<meta property=\"og:site_name\" content=\"Wonder Home\" \/>\n<meta property=\"article:modified_time\" content=\"2025-10-21T12:35:37+00:00\" \/>\n<meta property=\"og:image\" content=\"https:\/\/wonderhome.eu\/wp-content\/uploads\/2025\/06\/Tapety-rozne-70-min.jpg\" \/>\n\t<meta property=\"og:image:width\" content=\"1920\" \/>\n\t<meta property=\"og:image:height\" content=\"1080\" \/>\n\t<meta property=\"og:image:type\" content=\"image\/jpeg\" \/>\n<meta name=\"twitter:card\" content=\"summary_large_image\" \/>\n<meta name=\"twitter:label1\" content=\"Odhadovan\u00e1 doba \u010dten\u00ed\" \/>\n\t<meta name=\"twitter:data1\" content=\"9 minut\" \/>\n<script type=\"application\/ld+json\" class=\"yoast-schema-graph\">{\"@context\":\"https:\\\/\\\/schema.org\",\"@graph\":[{\"@type\":\"WebPage\",\"@id\":\"https:\\\/\\\/wonderhome.eu\\\/blog\\\/sniezka-ciekawostki-9-faktow\",\"url\":\"https:\\\/\\\/wonderhome.eu\\\/blog\\\/sniezka-ciekawostki-9-faktow\",\"name\":\"\u015anie\u017cka ciekawostki: Odkryj 9 fakt\u00f3w o kr\u00f3lowej Karkonoszy!\",\"isPartOf\":{\"@id\":\"https:\\\/\\\/wonderhome.eu\\\/#website\"},\"primaryImageOfPage\":{\"@id\":\"https:\\\/\\\/wonderhome.eu\\\/blog\\\/sniezka-ciekawostki-9-faktow#primaryimage\"},\"image\":{\"@id\":\"https:\\\/\\\/wonderhome.eu\\\/blog\\\/sniezka-ciekawostki-9-faktow#primaryimage\"},\"thumbnailUrl\":\"https:\\\/\\\/wonderhome.eu\\\/wp-content\\\/uploads\\\/2025\\\/06\\\/Tapety-rozne-70-min.jpg\",\"datePublished\":\"2025-06-03T12:58:04+00:00\",\"dateModified\":\"2025-10-21T12:35:37+00:00\",\"description\":\"\u015anie\u017cka ciekawostki - 9 zaskakuj\u0105cych ciekawostek o najwy\u017cszym szczycie Karkonoszy. Poznaj histori\u0119 i tajemnice kr\u00f3lowej Sudet\u00f3w!\",\"inLanguage\":\"cs\",\"potentialAction\":[{\"@type\":\"ReadAction\",\"target\":[\"https:\\\/\\\/wonderhome.eu\\\/blog\\\/sniezka-ciekawostki-9-faktow\"]}]},{\"@type\":\"ImageObject\",\"inLanguage\":\"cs\",\"@id\":\"https:\\\/\\\/wonderhome.eu\\\/blog\\\/sniezka-ciekawostki-9-faktow#primaryimage\",\"url\":\"https:\\\/\\\/wonderhome.eu\\\/wp-content\\\/uploads\\\/2025\\\/06\\\/Tapety-rozne-70-min.jpg\",\"contentUrl\":\"https:\\\/\\\/wonderhome.eu\\\/wp-content\\\/uploads\\\/2025\\\/06\\\/Tapety-rozne-70-min.jpg\",\"width\":1920,\"height\":1080,\"caption\":\"\u015anie\u017cka ciekawostki\"},{\"@type\":\"WebSite\",\"@id\":\"https:\\\/\\\/wonderhome.eu\\\/#website\",\"url\":\"https:\\\/\\\/wonderhome.eu\\\/\",\"name\":\"Wonder Home\",\"description\":\"\",\"potentialAction\":[{\"@type\":\"SearchAction\",\"target\":{\"@type\":\"EntryPoint\",\"urlTemplate\":\"https:\\\/\\\/wonderhome.eu\\\/?s={search_term_string}\"},\"query-input\":{\"@type\":\"PropertyValueSpecification\",\"valueRequired\":true,\"valueName\":\"search_term_string\"}}],\"inLanguage\":\"cs\"}]}<\/script>\n<!-- \/ Yoast SEO plugin. -->","yoast_head_json":{"title":"\u015anie\u017cka ciekawostki: Odkryj 9 fakt\u00f3w o kr\u00f3lowej Karkonoszy!","description":"\u015anie\u017cka ciekawostki - 9 zaskakuj\u0105cych ciekawostek o najwy\u017cszym szczycie Karkonoszy. Poznaj histori\u0119 i tajemnice kr\u00f3lowej Sudet\u00f3w!","robots":{"index":"index","follow":"follow","max-snippet":"max-snippet:-1","max-image-preview":"max-image-preview:large","max-video-preview":"max-video-preview:-1"},"canonical":"https:\/\/wonderhome.eu\/cz\/blog\/sniezka-ciekawostki-9-faktow\/","og_locale":"cs_CZ","og_type":"article","og_title":"\u015anie\u017cka ciekawostki: Odkryj 9 fakt\u00f3w o kr\u00f3lowej Karkonoszy!","og_description":"\u015anie\u017cka ciekawostki - 9 zaskakuj\u0105cych ciekawostek o najwy\u017cszym szczycie Karkonoszy. Poznaj histori\u0119 i tajemnice kr\u00f3lowej Sudet\u00f3w!","og_url":"https:\/\/wonderhome.eu\/cz\/blog\/sniezka-ciekawostki-9-faktow\/","og_site_name":"Wonder Home","article_modified_time":"2025-10-21T12:35:37+00:00","og_image":[{"width":1920,"height":1080,"url":"https:\/\/wonderhome.eu\/wp-content\/uploads\/2025\/06\/Tapety-rozne-70-min.jpg","type":"image\/jpeg"}],"twitter_card":"summary_large_image","twitter_misc":{"Odhadovan\u00e1 doba \u010dten\u00ed":"9 minut"},"schema":{"@context":"https:\/\/schema.org","@graph":[{"@type":"WebPage","@id":"https:\/\/wonderhome.eu\/blog\/sniezka-ciekawostki-9-faktow","url":"https:\/\/wonderhome.eu\/blog\/sniezka-ciekawostki-9-faktow","name":"\u015anie\u017cka ciekawostki: Odkryj 9 fakt\u00f3w o kr\u00f3lowej Karkonoszy!","isPartOf":{"@id":"https:\/\/wonderhome.eu\/#website"},"primaryImageOfPage":{"@id":"https:\/\/wonderhome.eu\/blog\/sniezka-ciekawostki-9-faktow#primaryimage"},"image":{"@id":"https:\/\/wonderhome.eu\/blog\/sniezka-ciekawostki-9-faktow#primaryimage"},"thumbnailUrl":"https:\/\/wonderhome.eu\/wp-content\/uploads\/2025\/06\/Tapety-rozne-70-min.jpg","datePublished":"2025-06-03T12:58:04+00:00","dateModified":"2025-10-21T12:35:37+00:00","description":"\u015anie\u017cka ciekawostki - 9 zaskakuj\u0105cych ciekawostek o najwy\u017cszym szczycie Karkonoszy. Poznaj histori\u0119 i tajemnice kr\u00f3lowej Sudet\u00f3w!","inLanguage":"cs","potentialAction":[{"@type":"ReadAction","target":["https:\/\/wonderhome.eu\/blog\/sniezka-ciekawostki-9-faktow"]}]},{"@type":"ImageObject","inLanguage":"cs","@id":"https:\/\/wonderhome.eu\/blog\/sniezka-ciekawostki-9-faktow#primaryimage","url":"https:\/\/wonderhome.eu\/wp-content\/uploads\/2025\/06\/Tapety-rozne-70-min.jpg","contentUrl":"https:\/\/wonderhome.eu\/wp-content\/uploads\/2025\/06\/Tapety-rozne-70-min.jpg","width":1920,"height":1080,"caption":"\u015anie\u017cka ciekawostki"},{"@type":"WebSite","@id":"https:\/\/wonderhome.eu\/#website","url":"https:\/\/wonderhome.eu\/","name":"Wonder Home","description":"","potentialAction":[{"@type":"SearchAction","target":{"@type":"EntryPoint","urlTemplate":"https:\/\/wonderhome.eu\/?s={search_term_string}"},"query-input":{"@type":"PropertyValueSpecification","valueRequired":true,"valueName":"search_term_string"}}],"inLanguage":"cs"}]}},"_links":{"self":[{"href":"https:\/\/wonderhome.eu\/cz\/wp-json\/wp\/v2\/blog\/6484","targetHints":{"allow":["GET"]}}],"collection":[{"href":"https:\/\/wonderhome.eu\/cz\/wp-json\/wp\/v2\/blog"}],"about":[{"href":"https:\/\/wonderhome.eu\/cz\/wp-json\/wp\/v2\/types\/blog"}],"wp:featuredmedia":[{"embeddable":true,"href":"https:\/\/wonderhome.eu\/cz\/wp-json\/wp\/v2\/media\/6518"}],"wp:attachment":[{"href":"https:\/\/wonderhome.eu\/cz\/wp-json\/wp\/v2\/media?parent=6484"}],"wp:term":[{"taxonomy":"category","embeddable":true,"href":"https:\/\/wonderhome.eu\/cz\/wp-json\/wp\/v2\/categories?post=6484"}],"curies":[{"name":"wp","href":"https:\/\/api.w.org\/{rel}","templated":true}]}}