{"id":8931,"date":"2026-08-25T12:45:00","date_gmt":"2026-08-25T10:45:00","guid":{"rendered":"https:\/\/wonderhome.eu\/?post_type=blog&#038;p=8931"},"modified":"2026-08-25T13:09:31","modified_gmt":"2026-08-25T11:09:31","slug":"swieradow-zdroj-na-weekend","status":"publish","type":"blog","link":"https:\/\/wonderhome.eu\/cz\/blog\/swieradow-zdroj-na-weekend","title":{"rendered":"\u015awierad\u00f3w-Zdr\u00f3j na v\u00edkend \u2013 jak napl\u00e1novat 2denn\u00ed v\u00fdlet?"},"content":{"rendered":"<h1 class=\"wp-block-heading has-text-align-center has-x-large-font-size\" style=\"font-style:normal;font-weight:800\">\u015awierad\u00f3w-Zdr\u00f3j na v\u00edkend \u2013 jak napl\u00e1novat 2denn\u00ed v\u00fdlet?<\/h1>\n\n\n\n<hr class=\"wp-block-separator has-alpha-channel-opacity\"\/>\n\n\n\n<p class=\"wp-block-paragraph\"><\/p>\n\n\n\n<div class=\"wp-block-group\"><div class=\"wp-block-group__inner-container is-layout-constrained wp-block-group-is-layout-constrained\"><div class=\"wp-block-image\">\n<figure class=\"aligncenter size-full is-resized\"><img loading=\"lazy\" decoding=\"async\" width=\"500\" height=\"71\" src=\"https:\/\/wonderhome.eu\/wp-content\/uploads\/2022\/09\/logo-grey.png\" alt=\"Logo firmy Wonder Home\" class=\"wp-image-645\" style=\"width:251px;height:auto\" srcset=\"https:\/\/wonderhome.eu\/wp-content\/uploads\/2022\/09\/logo-grey.png 500w, https:\/\/wonderhome.eu\/wp-content\/uploads\/2022\/09\/logo-grey-300x43.png 300w\" sizes=\"auto, (max-width: 500px) 100vw, 500px\" \/><\/figure>\n<\/div><\/div><\/div>\n\n\n\n<p class=\"has-text-align-center has-medium-font-size wp-block-paragraph\" style=\"letter-spacing:3px;text-transform:uppercase\"><mark style=\"background-color:rgba(0, 0, 0, 0)\" class=\"has-inline-color has-black-color\">Cestovat <\/mark>blog<\/p>\n\n\n\n<p class=\"wp-block-paragraph\"><\/p>\n\n\n<div class=\"wp-block-image\">\n<figure class=\"aligncenter size-large\"><img loading=\"lazy\" decoding=\"async\" width=\"1024\" height=\"323\" src=\"https:\/\/wonderhome.eu\/wp-content\/uploads\/2024\/07\/Kwiat-Zdjecie-Cytat-Wiosna-Facebook-Zdjecie-w-Tle-9-1024x323.jpg\" alt=\"\" class=\"wp-image-2878\" srcset=\"https:\/\/wonderhome.eu\/wp-content\/uploads\/2024\/07\/Kwiat-Zdjecie-Cytat-Wiosna-Facebook-Zdjecie-w-Tle-9-1024x323.jpg 1024w, https:\/\/wonderhome.eu\/wp-content\/uploads\/2024\/07\/Kwiat-Zdjecie-Cytat-Wiosna-Facebook-Zdjecie-w-Tle-9-300x95.jpg 300w, https:\/\/wonderhome.eu\/wp-content\/uploads\/2024\/07\/Kwiat-Zdjecie-Cytat-Wiosna-Facebook-Zdjecie-w-Tle-9-768x242.jpg 768w, https:\/\/wonderhome.eu\/wp-content\/uploads\/2024\/07\/Kwiat-Zdjecie-Cytat-Wiosna-Facebook-Zdjecie-w-Tle-9-1536x484.jpg 1536w, https:\/\/wonderhome.eu\/wp-content\/uploads\/2024\/07\/Kwiat-Zdjecie-Cytat-Wiosna-Facebook-Zdjecie-w-Tle-9.jpg 1934w\" sizes=\"auto, (max-width: 1024px) 100vw, 1024px\" \/><\/figure>\n<\/div>\n\n\n<div class=\"wp-block-columns is-layout-flex wp-container-core-columns-is-layout-8f761849 wp-block-columns-is-layout-flex\">\n<div class=\"wp-block-column is-layout-flow wp-block-column-is-layout-flow\" style=\"flex-basis:300px\"><\/div>\n\n\n\n<div class=\"wp-block-column is-layout-flow wp-block-column-is-layout-flow\">\n<div style=\"height:36px\" aria-hidden=\"true\" class=\"wp-block-spacer\"><\/div>\n\n\n\n<p class=\"has-text-align-center has-medium-font-size wp-block-paragraph\">M\u00e1te voln\u00fd v\u00edkend a chcete si ud\u011blat kr\u00e1tk\u00fd v\u00fdlet do Jizersk\u00fdch hor? \u015awierad\u00f3w-Zdr\u00f3j nab\u00edz\u00ed v\u0161e, co na v\u00edkend pot\u0159ebujete: l\u00e1ze\u0148skou atmosf\u00e9ru, horsk\u00e9 stezky, zaj\u00edmav\u00e9 atrakce a m\u00edsta k relaxaci. Jak si napl\u00e1novat dvoudenn\u00ed dovolenou ve \u015awierad\u00f3w-Zdr\u00f3j, abyste vid\u011bli ta nejzaj\u00edmav\u011bj\u0161\u00ed m\u00edsta a nevr\u00e1tili se dom\u016f s pocitem, \u017ee jste celou cestu str\u00e1vili ve sp\u011bchu? Zde je n\u00e1\u0161 tip na dva dny ve \u015awierad\u00f3w-Zdr\u00f3j!<\/p>\n<\/div>\n\n\n\n<div class=\"wp-block-column is-layout-flow wp-block-column-is-layout-flow\" style=\"flex-basis:300px\"><\/div>\n<\/div>\n\n\n\n<div style=\"height:6px\" aria-hidden=\"true\" class=\"wp-block-spacer\"><\/div>\n\n\n\n<div class=\"wp-block-columns is-layout-flex wp-container-core-columns-is-layout-8f761849 wp-block-columns-is-layout-flex\">\n<div class=\"wp-block-column is-layout-flow wp-block-column-is-layout-flow\" style=\"flex-basis:25%\"><\/div>\n\n\n\n<div class=\"wp-block-column is-layout-flow wp-block-column-is-layout-flow\" style=\"flex-basis:50%\">\n<h4 class=\"wp-block-heading\"><strong>Obsah:<\/strong><\/h4>\n\n\n\n<ul class=\"wp-block-list\">\n<li style=\"font-size:17px\"><a href=\"#od\"><strong>\u015awierad\u00f3w-Zdr\u00f3j na v\u00edkend \u2013 budou sta\u010dit 2 dny?<\/strong><\/a><\/li>\n\n\n\n<li style=\"font-size:17px\"><a href=\"#won\"><strong>Ide\u00e1ln\u00ed z\u00e1kladna pro v\u00edkend ve \u015awierad\u00f3w-Zdr\u00f3j? Wonder Home<\/strong><\/a><\/li>\n\n\n\n<li style=\"font-size:17px\"><strong><a href=\"#world\">Den 1. L\u00e1zn\u011b a atrakce v centru<\/a><\/strong>\n<ul class=\"wp-block-list\">\n<li style=\"font-size:17px\"><a href=\"#kru\">L\u00e1ze\u0148sk\u00fd d\u016fm a promen\u00e1da<\/a><\/li>\n\n\n\n<li><a href=\"#ar\">Promen\u00e1da, l\u00e1ze\u0148sk\u00fd park a l\u00e9\u010div\u00e9 prameny<\/a><\/li>\n\n\n\n<li><a href=\"#hur\">Proch\u00e1zka po obloze<\/a><\/li>\n\n\n\n<li><a href=\"#czarci\">\u010cert\u016fv ml\u00fdn<\/a><\/li>\n<\/ul>\n<\/li>\n\n\n\n<li style=\"font-size:17px\"><strong><a href=\"#dzie\u01442\">Den 2. Do hor! St\u00f3g Izerski a okol\u00ed<\/a><\/strong>\n<ul class=\"wp-block-list\">\n<li><a href=\"#kolej\">Gondola do St\u00f3g Izerski<\/a><\/li>\n\n\n\n<li><a href=\"#schronisko\">\u00dakryt PTTK na Stog Izerski<\/a><\/li>\n\n\n\n<li><a href=\"#wie\u017ca\">Vyhl\u00eddkov\u00e1 v\u011b\u017e na M\u0142ynici<\/a><\/li>\n<\/ul>\n<\/li>\n\n\n\n<li style=\"font-size:17px\"><strong><a href=\"#je\u015bli\">Pokud m\u00e1te je\u0161t\u011b p\u00e1r hodin \u2013 co byste si m\u011bli do pl\u00e1nu p\u0159idat?<\/a><\/strong>\n<ul class=\"wp-block-list\">\n<li><a href=\"#wodospad\">Vodop\u00e1d Kwisa<\/a><\/li>\n\n\n\n<li><a href=\"#izerski\">Jizersk\u00fd antigravita\u010dn\u00ed bod<\/a><\/li>\n\n\n\n<li><a href=\"#zaj\u0119cznik\">Cesta k Zaj\u0119czniku<\/a><\/li>\n<\/ul>\n<\/li>\n\n\n\n<li style=\"font-size:17px\"><a href=\"#gdzie\"><strong>Kde se naj\u00edst a odpo\u010dinout si po dni str\u00e1ven\u00e9m prohl\u00eddkami pam\u00e1tek?<\/strong><\/a><\/li>\n\n\n\n<li style=\"font-size:17px\"><strong><a href=\"#\u015bwierad\u00f3w\">\u015awierad\u00f3w-Zdr\u00f3j na v\u00edkend s d\u011btmi \u2013 co zm\u011bnit v pl\u00e1nu?<\/a><\/strong><\/li>\n\n\n\n<li style=\"font-size:17px\"><a href=\"#podsumowanie\"><strong>souhrn<\/strong><\/a><\/li>\n<\/ul>\n\n\n\n<div style=\"height:49px\" aria-hidden=\"true\" class=\"wp-block-spacer\"><\/div>\n\n\n\n<div class=\"wp-block-cover has-parallax\" style=\"min-height:250px;aspect-ratio:unset;\"><div role=\"img\" aria-label=\"Pohled na promen\u00e1du ve \u015awierad\u00f3w-Zdr\u00f3j - \u017e\u00e1ba\" class=\"wp-block-cover__image-background wp-image-2942 size-large has-parallax\" style=\"background-position:50% 50%;background-image:url(https:\/\/wonderhome.eu\/wp-content\/uploads\/2024\/07\/poland-2849470_1280-1024x678.jpg)\"><\/div><span aria-hidden=\"true\" class=\"wp-block-cover__background has-background-dim\" style=\"background-color:#72685b\"><\/span><div class=\"wp-block-cover__inner-container is-layout-constrained wp-block-cover-is-layout-constrained\">\n<p class=\"has-text-align-center has-white-color has-text-color has-link-color has-large-font-size wp-elements-1 wp-block-paragraph\" id=\"od\"><strong><strong><a href=\"#ar\"><strong>\u015awierad\u00f3w-Zdr\u00f3j na v\u00edkend \u2013 budou sta\u010dit 2 dny?<\/strong><\/a><\/strong><\/strong><\/p>\n<\/div><\/div>\n\n\n\n<div style=\"height:10px\" aria-hidden=\"true\" class=\"wp-block-spacer\"><\/div>\n\n\n\n<p class=\"wp-block-paragraph\"><strong>Ano, pokud se nesna\u017e\u00edte vid\u011bt v\u0161echno najednou.<\/strong> \u015awierad\u00f3w-Zdr\u00f3j je mal\u00fd, ale seznam atrakc\u00ed se rychle rozr\u016fst\u00e1: historick\u00fd l\u00e1ze\u0148sk\u00fd d\u016fm, lanovka Sky Walk, kabinkov\u00e1 lanovka, stezky v Jizersk\u00fdch hor\u00e1ch, vyhl\u00eddkov\u00e9 v\u011b\u017ee a Czarci M\u0142yn je na jeden v\u00edkend docela dost.<\/p>\n\n\n\n<p class=\"wp-block-paragraph\">Proto je nejlep\u0161\u00ed rozd\u011blit si v\u00fdlet na dva samostatn\u00e9 dny. <strong>Prvn\u00ed by m\u011bl b\u00fdt p\u0159id\u011blen samotn\u00e9mu m\u011bstu a jeho okol\u00ed, druh\u00fd hor\u00e1m.<\/strong> D\u00edky tomu si nemus\u00edte vyb\u00edrat mezi proch\u00e1zkou po l\u00e1zn\u00edch a dobr\u00fdm v\u00fdletem do St\u00f3g Izerski.<\/p>\n\n\n\n<div style=\"height:39px\" aria-hidden=\"true\" class=\"wp-block-spacer\"><\/div>\n\n\n\n<div class=\"wp-block-cover is-light has-parallax\" style=\"min-height:260px;aspect-ratio:unset;\"><div class=\"wp-block-cover__image-background wp-image-4005 size-large has-parallax\" style=\"background-position:50% 50%;background-image:url(https:\/\/wonderhome.eu\/wp-content\/uploads\/2024\/11\/9-2-min-1024x576.jpg)\"><\/div><span aria-hidden=\"true\" class=\"wp-block-cover__background has-background-dim\" style=\"background-color:#b8a490\"><\/span><div class=\"wp-block-cover__inner-container is-layout-constrained wp-block-cover-is-layout-constrained\">\n<h2 class=\"wp-block-heading has-text-align-center has-white-color has-text-color has-link-color has-large-font-size wp-elements-2\" id=\"won\"><strong><strong><a href=\"#won\"><strong>Ide\u00e1ln\u00ed z\u00e1kladna pro v\u00fdlety do <\/strong><\/a><strong><a href=\"#won\"><strong>\u015awierad\u00f3w-Zdr\u00f3j<\/strong><\/a><\/strong>Wonder Home<\/strong><\/strong><\/h2>\n<\/div><\/div>\n\n\n\n<div style=\"height:10px\" aria-hidden=\"true\" class=\"wp-block-spacer\"><\/div>\n\n\n\n<p class=\"wp-block-paragraph\">Dob\u0159e napl\u00e1novan\u00fd v\u00edkend neza\u010d\u00edn\u00e1 na stezce, ale v\u00fdb\u011brem dobr\u00e9 z\u00e1kladny. <strong><a href=\"https:\/\/wonderhome.eu\/cz\/apartamenty\/apartamenty-swieradow-zdroj\/\" target=\"_blank\" rel=\"noreferrer noopener\">Wonder Home Apartments v \u015awierad\u00f3w-Zdr\u00f3j<\/a><\/strong> se nach\u00e1zej\u00ed v r\u016fzn\u00fdch \u010d\u00e1stech m\u011bsta, tak\u017ee si m\u016f\u017eete snadno vybrat <strong><a href=\"https:\/\/wonderhome.eu\/cz\/lokalizacje\/\" target=\"_blank\" rel=\"noreferrer noopener\">um\u00edst\u011bn\u00ed<\/a><\/strong> odpov\u00eddaj\u00edc\u00ed povaze v\u00fdletu \u2013 bl\u00ed\u017ee centru, s v\u00fdhledem na hory nebo pobl\u00ed\u017e kabinkov\u00e9 lanovky.<\/p>\n\n\n\n<p class=\"wp-block-paragraph\">Je to v\u00fdhodn\u00e1 volba pro kr\u00e1tk\u00fd v\u00edkendov\u00fd pobyt ve dvou, rodinn\u00fd v\u00fdlet nebo del\u0161\u00ed pobyt v l\u00e1zn\u00edch. Vlastn\u00ed kuchy\u0148 v\u00e1m umo\u017en\u00ed vychutnat si sn\u00eddani, ani\u017e byste museli v 8 hodin r\u00e1no hledat restauraci, a po dlouh\u00e9m dni str\u00e1ven\u00e9m t\u00farou je p\u0159\u00edjemn\u00e9 m\u00edt v\u00edce prostoru ne\u017e v hotelov\u00e9m pokoji. <strong>Dal\u0161\u00ed velkou v\u00fdhodou je bezplatn\u00e9 parkov\u00e1n\u00ed, tak\u017ee si m\u016f\u017eete nechat auto na m\u00edst\u011b a vydat se na prohl\u00eddku pam\u00e1tek bez dal\u0161\u00edch poplatk\u016f za parkov\u00e1n\u00ed.<\/strong><\/p>\n\n\n\n<p class=\"wp-block-paragraph\">I p\u0159i dvoudenn\u00edm v\u00fdletu je poloha d\u016fle\u017eit\u011bj\u0161\u00ed, ne\u017e si mysl\u00edte. \u010c\u00edm m\u00e9n\u011b \u010dasu str\u00e1v\u00edte doj\u00ed\u017ed\u011bn\u00edm a hled\u00e1n\u00edm parkov\u00e1n\u00ed, t\u00edm v\u00edce \u010dasu v\u00e1m zbude na samotn\u00fd \u015awierad\u00f3w-Zdr\u00f3j.<\/p>\n\n\n\n<div style=\"height:39px\" aria-hidden=\"true\" class=\"wp-block-spacer\"><\/div>\n\n\n\n<hr class=\"wp-block-separator has-alpha-channel-opacity\"\/>\n\n\n\n<div style=\"height:39px\" aria-hidden=\"true\" class=\"wp-block-spacer\"><\/div>\n\n\n\n<p class=\"has-text-align-center has-medium-font-size wp-block-paragraph\"><strong>Byt v centru m\u011bsta nebo s v\u00fdhledem na Jizersk\u00e9 hory? Nechte se inspirovat a vyberte si ide\u00e1ln\u00ed m\u00edsto pro va\u0161e pot\u0159eby:<\/strong><\/p>\n\n\n\n<div style=\"height:23px\" aria-hidden=\"true\" class=\"wp-block-spacer\"><\/div>\n\n\n\n<div class=\"wp-block-buttons is-horizontal is-content-justification-center is-layout-flex wp-container-core-buttons-is-layout-11b5f301 wp-block-buttons-is-layout-flex\" style=\"padding-top:var(--wp--preset--spacing--20);padding-right:var(--wp--preset--spacing--20);padding-bottom:var(--wp--preset--spacing--20);padding-left:var(--wp--preset--spacing--20)\">\n<div class=\"wp-block-button is-style-primary is-style-outline is-style-outline--1\"><a class=\"wp-block-button__link has-white-color has-text-color has-background has-link-color wp-element-button\" href=\"https:\/\/wonderhome.eu\/cz\/apartament\/1591\/22740\/\" style=\"border-radius:22px;background-color:#d7a97d\" target=\"_blank\" rel=\"noreferrer noopener\"><strong>kolouch<\/strong><\/a><\/div>\n\n\n\n<div class=\"wp-block-button is-style-primary is-style-outline is-style-outline--2\"><a class=\"wp-block-button__link has-white-color has-text-color has-background has-link-color wp-element-button\" href=\"https:\/\/wonderhome.eu\/cz\/apartament\/1591\/20566\/\" style=\"border-radius:22px;background-color:#d7a97d\" target=\"_blank\" rel=\"noreferrer noopener\"><strong>Coldberg<\/strong><\/a><\/div>\n\n\n\n<div class=\"wp-block-button is-style-primary is-style-outline is-style-outline--3\"><a class=\"wp-block-button__link has-white-color has-text-color has-background has-link-color wp-element-button\" href=\"https:\/\/wonderhome.eu\/cz\/apartament\/1591\/28132\/\" style=\"border-radius:22px;background-color:#d7a97d\" target=\"_blank\" rel=\"noreferrer noopener\"><strong>Bella Rosa<\/strong><\/a><\/div>\n<\/div>\n\n\n\n<div style=\"height:39px\" aria-hidden=\"true\" class=\"wp-block-spacer\"><\/div>\n\n\n\n<hr class=\"wp-block-separator has-alpha-channel-opacity\"\/>\n\n\n\n<div style=\"height:39px\" aria-hidden=\"true\" class=\"wp-block-spacer\"><\/div>\n\n\n\n<div class=\"wp-block-cover has-parallax\" style=\"min-height:257px;aspect-ratio:unset;\"><div role=\"img\" aria-label=\"Pohled na font\u00e1nu s \u017eabami na promen\u00e1d\u011b ve \u015awierad\u00f3w-Zdr\u00f3j\" class=\"wp-block-cover__image-background wp-image-2943 size-large has-parallax\" style=\"background-position:50% 50%;background-image:url(https:\/\/wonderhome.eu\/wp-content\/uploads\/2024\/07\/city-6904655_1280-1024x678.jpg)\"><\/div><span aria-hidden=\"true\" class=\"wp-block-cover__background has-background-dim\" style=\"background-color:#746e66\"><\/span><div class=\"wp-block-cover__inner-container is-layout-constrained wp-block-cover-is-layout-constrained\">\n<p class=\"has-text-align-center has-white-color has-text-color has-link-color has-large-font-size wp-elements-3 wp-block-paragraph\" id=\"world\"><strong><a href=\"#world\"><strong>Den 1. L\u00e1zn\u011b a atrakce v centru<\/strong><\/a><\/strong><\/p>\n<\/div><\/div>\n\n\n\n<div style=\"height:10px\" aria-hidden=\"true\" class=\"wp-block-spacer\"><\/div>\n\n\n\n<p class=\"wp-block-paragraph\">Prvn\u00ed den je nejlep\u0161\u00ed za\u010d\u00edt klidn\u011b \u2013 bez nasazen\u00ed batohu za \u00fasvitu a ambici\u00f3zn\u00edch pl\u00e1n\u016f zdolat polovinu Jizersk\u00fdch hor je\u0161t\u011b p\u0159ed ob\u011bdem. <strong>\u015awierad\u00f3w-Zdr\u00f3j je nejl\u00e9pe prozkoumat z centra<\/strong>, kde v doch\u00e1zkov\u00e9 vzd\u00e1lenosti najdeme nejv\u00fdznamn\u011bj\u0161\u00ed l\u00e1ze\u0148sk\u00e9 atrakce. Za\u010dneme tedy sm\u011brem k L\u00e1ze\u0148sk\u00e9mu domu a pot\u00e9 se vyd\u00e1me na proch\u00e1zku po promen\u00e1d\u011b a L\u00e1ze\u0148sk\u00e9m parku.<\/p>\n\n\n\n<div style=\"height:10px\" aria-hidden=\"true\" class=\"wp-block-spacer\"><\/div>\n\n\n\n<h2 id=\"kru\" class=\"wp-block-heading has-text-color has-link-color wp-elements-4\" style=\"color:#d7a97d\">L\u00e1ze\u0148sk\u00fd d\u016fm a promen\u00e1da<\/h2>\n\n\n\n<p class=\"wp-block-paragraph\">L\u00e1ze\u0148sk\u00fd d\u016fm je jednou z nejv\u00fdrazn\u011bj\u0161\u00edch budov ve \u015awierad\u00f3w-Zdr\u00f3j a dobr\u00fdm v\u00fdchoz\u00edm bodem pro pozn\u00e1v\u00e1n\u00ed m\u011bsta. Stoj\u00ed za to nahl\u00e9dnout dovnit\u0159, p\u0159edev\u0161\u00edm kv\u016fli jeho <strong>historick\u00e1 Walking Hall<\/strong> \u2013 d\u0159ev\u011bn\u00e1 promen\u00e1da o d\u00e9lce a\u017e 80 metr\u016f, zdoben\u00e1 rostlinn\u00fdmi polychromiemi a vitr\u00e1\u017eemi.<\/p>\n\n\n\n<p class=\"wp-block-paragraph\">Pr\u00e1v\u011b zde nejl\u00e9pe za\u017eijete l\u00e1ze\u0148sk\u00fd charakter \u015awierad\u00f3w-Zdr\u00f3j. M\u016f\u017eete tak\u00e9 nav\u0161t\u00edvit \u010derpac\u00ed stanici miner\u00e1ln\u00ed vody. Nen\u00ed t\u0159eba pl\u00e1novat dlouhou cestu \u2013 l\u00e1ze\u0148sk\u00fd d\u016fm se nach\u00e1z\u00ed v sam\u00e9m centru m\u011bsta, tak\u017ee je p\u0159irozen\u00fdm spojen\u00edm s dal\u0161\u00ed zast\u00e1vkou na va\u0161\u00ed proch\u00e1zce.<br><br>\ud83d\udccd <a href=\"https:\/\/maps.app.goo.gl\/Td8QUrviffHazkrV8\" target=\"_blank\" rel=\"noreferrer noopener\"><strong>Mapa Google<\/strong><\/a><\/p>\n\n\n\n<div style=\"height:30px\" aria-hidden=\"true\" class=\"wp-block-spacer\"><\/div>\n\n\n<div class=\"wp-block-image\">\n<figure class=\"aligncenter size-large is-resized\"><img loading=\"lazy\" decoding=\"async\" width=\"1024\" height=\"685\" src=\"https:\/\/wonderhome.eu\/wp-content\/uploads\/2024\/07\/2021-08_Swieradow-Zdroj_58-1-1024x685.jpg\" alt=\"Wn\u0119trze Hali Modrzewiowej w Domu Zdrojowym w \u015awieradowie-Zdroju\" class=\"wp-image-2961\" style=\"object-fit:cover;width:750px;height:350px\" srcset=\"https:\/\/wonderhome.eu\/wp-content\/uploads\/2024\/07\/2021-08_Swieradow-Zdroj_58-1-1024x685.jpg 1024w, https:\/\/wonderhome.eu\/wp-content\/uploads\/2024\/07\/2021-08_Swieradow-Zdroj_58-1-300x201.jpg 300w, https:\/\/wonderhome.eu\/wp-content\/uploads\/2024\/07\/2021-08_Swieradow-Zdroj_58-1-768x514.jpg 768w, https:\/\/wonderhome.eu\/wp-content\/uploads\/2024\/07\/2021-08_Swieradow-Zdroj_58-1-1536x1028.jpg 1536w, https:\/\/wonderhome.eu\/wp-content\/uploads\/2024\/07\/2021-08_Swieradow-Zdroj_58-1-2048x1371.jpg 2048w, https:\/\/wonderhome.eu\/wp-content\/uploads\/2024\/07\/2021-08_Swieradow-Zdroj_58-1-18x12.jpg 18w, https:\/\/wonderhome.eu\/wp-content\/uploads\/2024\/07\/2021-08_Swieradow-Zdroj_58-1-scaled.jpg 1613w\" sizes=\"auto, (max-width: 1024px) 100vw, 1024px\" \/><figcaption class=\"wp-element-caption\">Marek Mr\u00f3z, CC BY-SA 4.0<https: creativecommons.org=\"\" licenses=\"\" by-sa=\"\" 4.0=\"\">, p\u0159es Wikimedia Commons<\/https:><\/figcaption><\/figure>\n<\/div>\n\n\n<div style=\"height:39px\" aria-hidden=\"true\" class=\"wp-block-spacer\"><\/div>\n\n\n\n<h2 id=\"ar\" class=\"wp-block-heading has-text-color has-link-color wp-elements-5\" style=\"color:#d7a97d\">Promen\u00e1da, l\u00e1ze\u0148sk\u00fd park a l\u00e9\u010div\u00e9 prameny<\/h2>\n\n\n\n<p class=\"wp-block-paragraph\">Po odchodu z L\u00e1ze\u0148sk\u00e9ho domu stoj\u00ed za to proj\u00edt se po promen\u00e1d\u011b a nav\u0161t\u00edvit <strong>L\u00e1ze\u0148sk\u00fd park<\/strong>. To je vhodn\u00e1 chv\u00edle na k\u00e1vu, kr\u00e1tk\u00fd odpo\u010dinek a proch\u00e1zku. M\u016f\u017eete tak\u00e9 vyu\u017e\u00edt l\u00e9\u010div\u00e9 font\u00e1ny \u2013 v\u017edy\u0165 jsme v l\u00e1zn\u00edch!<\/p>\n\n\n\n<p class=\"wp-block-paragraph\">Na promen\u00e1d\u011b si nem\u016f\u017eete nechat uj\u00edt dal\u0161\u00ed symbol m\u011bsta - <strong>\u015awierad\u00f3wsk\u00e1 \u017e\u00e1ba<\/strong>. Jej\u00ed obrazy se objevuj\u00ed na r\u016fzn\u00fdch m\u00edstech a u font\u00e1ny jsou \u010dty\u0159i \u017e\u00e1by, kter\u00e9 jsou p\u0159ipisov\u00e1ny zdrav\u00ed, \u0161t\u011bst\u00ed, bohatstv\u00ed a l\u00e1sce. Mo\u017en\u00e1 to berete s rezervou, ale proto\u017ee jsme u font\u00e1ny, pohladit tu pravou nic nestoj\u00ed.<\/p>\n\n\n\n<p class=\"wp-block-paragraph\">\ud83d\udccd <a href=\"https:\/\/maps.app.goo.gl\/SK9wfRHmTamsS5RC8\" target=\"_blank\" rel=\"noreferrer noopener\"><strong>Mapa Google<\/strong><\/a><\/p>\n\n\n\n<div style=\"height:39px\" aria-hidden=\"true\" class=\"wp-block-spacer\"><\/div>\n\n\n\n<hr class=\"wp-block-separator has-alpha-channel-opacity\"\/>\n\n\n\n<div style=\"height:30px\" aria-hidden=\"true\" class=\"wp-block-spacer\"><\/div>\n\n\n\n<p class=\"has-text-align-center has-medium-font-size wp-block-paragraph\"><strong>St\u00e1hn\u011bte si na\u0161e bezplatn\u00e9 pr\u016fvodce do Karpacze a \u015awierad\u00f3wa-Zdr\u00f3je!<\/strong><\/p>\n\n\n\n<div class=\"wp-block-buttons alignwide is-horizontal is-content-justification-center is-layout-flex wp-container-core-buttons-is-layout-11b5f301 wp-block-buttons-is-layout-flex\" style=\"padding-top:var(--wp--preset--spacing--20);padding-right:var(--wp--preset--spacing--20);padding-bottom:var(--wp--preset--spacing--20);padding-left:var(--wp--preset--spacing--20)\">\n<div class=\"wp-block-button is-style-primary is-style-outline animated backInLeft is-style-outline--4\"><a class=\"wp-block-button__link has-white-color has-text-color has-background has-link-color wp-element-button\" href=\"https:\/\/wonderhome.eu\/cz\/przewodnik-po-karpaczu\/\" style=\"border-radius:22px;background-color:#d7a97d\" target=\"_blank\" rel=\"noreferrer noopener\"><strong>Karpacz<\/strong><\/a><\/div>\n\n\n\n<div class=\"wp-block-button is-style-primary is-style-outline animated backInRight is-style-outline--5\"><a class=\"wp-block-button__link has-white-color has-text-color has-background has-link-color wp-element-button\" href=\"https:\/\/wonderhome.eu\/cz\/przewodnik-po-swieradowie-zdroju\/\" style=\"border-radius:22px;background-color:#d7a97d\" target=\"_blank\" rel=\"noreferrer noopener\"><strong>\u015awierad\u00f3w-Zdr\u00f3j<\/strong><\/a><\/div>\n<\/div>\n\n\n\n<div style=\"height:30px\" aria-hidden=\"true\" class=\"wp-block-spacer\"><\/div>\n\n\n\n<hr class=\"wp-block-separator has-alpha-channel-opacity\"\/>\n\n\n\n<div style=\"height:39px\" aria-hidden=\"true\" class=\"wp-block-spacer\"><\/div>\n\n\n\n<h2 id=\"hur\" class=\"wp-block-heading has-text-color has-link-color wp-elements-6\" style=\"color:#d7a97d\">Sky Walk \u2013 cesta v oblac\u00edch <\/h2>\n\n\n\n<p class=\"wp-block-paragraph\">Po proch\u00e1zce centrem je \u010das vid\u011bt atrakci z \u00fapln\u011b jin\u00e9 perspektivy. <strong>Sky Walk ve \u015awierad\u00f3w-Zdr\u00f3j<\/strong> Vede do v\u00fd\u0161ky 62 metr\u016f, odkud se nab\u00edz\u00ed panoramatick\u00fd v\u00fdhled na m\u011bsto, Jizersk\u00e9 hory a Krkono\u0161e. Samotn\u00e1 stavba je dlouh\u00e1 p\u0159es 800 metr\u016f, tak\u017ee v\u00fdstup na v\u011b\u017e se nepodob\u00e1 v\u00fdstupu na typickou v\u011b\u017e.<\/p>\n\n\n\n<p class=\"wp-block-paragraph\">Cestou naraz\u00edte i na nau\u010dn\u00e9 body a na odv\u00e1\u017en\u011bj\u0161\u00ed \u010dekaj\u00ed dal\u0161\u00ed atrakce: sklen\u011bn\u00e1 plo\u0161ina, s\u00ed\u0165 ve tvaru slzy a 105metrov\u00e1 skluzavka. <strong>Pokud pl\u00e1nujete v\u00edkend ve \u015awierad\u00f3w-Zdr\u00f3j s d\u011btmi, Sky Walk rozhodn\u011b stoj\u00ed za to za\u0159adit do sv\u00e9ho itiner\u00e1\u0159e.<\/strong> Ani dosp\u011bl\u00ed si pravd\u011bpodobn\u011b nebudou st\u011b\u017eovat \u2013 zvl\u00e1\u0161t\u011b za p\u011bkn\u00e9ho po\u010das\u00ed, kdy panorama stoj\u00ed za to ve\u0161ker\u00e9 \u00fasil\u00ed spojen\u00e9 s v\u00fdstupem na horu.<\/p>\n\n\n\n<p class=\"wp-block-paragraph\">\ud83d\udccd <a href=\"https:\/\/maps.app.goo.gl\/SK9wfRHmTamsS5RC8\" target=\"_blank\" rel=\"noreferrer noopener\"><strong>Mapa Google<\/strong><\/a><\/p>\n\n\n\n<div style=\"height:30px\" aria-hidden=\"true\" class=\"wp-block-spacer\"><\/div>\n\n\n\n<figure class=\"wp-block-image size-large is-resized\"><img loading=\"lazy\" decoding=\"async\" width=\"683\" height=\"1024\" src=\"https:\/\/wonderhome.eu\/wp-content\/uploads\/2026\/08\/960px-Wieza_Widokowa_Sky_Walk_w_Swieradowie_Zdroj-1-683x1024.jpg\" alt=\"weekend w \u015awieradowie-Zdroju\" class=\"wp-image-8997\" style=\"object-fit:cover;width:750px;height:350px\" srcset=\"https:\/\/wonderhome.eu\/wp-content\/uploads\/2026\/08\/960px-Wieza_Widokowa_Sky_Walk_w_Swieradowie_Zdroj-1-683x1024.jpg 683w, https:\/\/wonderhome.eu\/wp-content\/uploads\/2026\/08\/960px-Wieza_Widokowa_Sky_Walk_w_Swieradowie_Zdroj-1-200x300.jpg 200w, https:\/\/wonderhome.eu\/wp-content\/uploads\/2026\/08\/960px-Wieza_Widokowa_Sky_Walk_w_Swieradowie_Zdroj-1-768x1152.jpg 768w, https:\/\/wonderhome.eu\/wp-content\/uploads\/2026\/08\/960px-Wieza_Widokowa_Sky_Walk_w_Swieradowie_Zdroj-1-8x12.jpg 8w, https:\/\/wonderhome.eu\/wp-content\/uploads\/2026\/08\/960px-Wieza_Widokowa_Sky_Walk_w_Swieradowie_Zdroj-1.jpg 960w\" sizes=\"auto, (max-width: 683px) 100vw, 683px\" \/><figcaption class=\"wp-element-caption\">Szymon Staniec, CC BY 4.0 <https: creativecommons.org=\"\" licenses=\"\" by=\"\" 4.0=\"\">, p\u0159es Wikimedia Commons<\/https:><\/figcaption><\/figure>\n\n\n\n<div style=\"height:39px\" aria-hidden=\"true\" class=\"wp-block-spacer\"><\/div>\n\n\n\n<h2 id=\"czarci\" class=\"wp-block-heading has-text-color has-link-color wp-elements-7\" style=\"color:#d7a97d\">\u010e\u00e1bl\u016fv ml\u00fdn \u2013 v\u00edc ne\u017e jen dal\u0161\u00ed pam\u00e1tka<\/h2>\n\n\n\n<p class=\"wp-block-paragraph\">Ze Sky Walk se vyplat\u00ed vydat se sm\u011brem <strong>\u010e\u00e1bl\u016fv ml\u00fdn<\/strong>. Tento historick\u00fd ml\u00fdn z konce 19. stolet\u00ed nab\u00edz\u00ed pohled do mlyn\u00e1\u0159sk\u00e9ho pr\u016fmyslu minulosti. Zachovaly se p\u016fvodn\u00ed stroje z roku 1890 a obrovsk\u00e9 vodn\u00ed kolo.<\/p>\n\n\n\n<p class=\"wp-block-paragraph\">Nejzaj\u00edmav\u011bj\u0161\u00ed je v\u0161ak samotn\u00e1 historie m\u00edsta. B\u011bhem prohl\u00eddky si m\u016f\u017eete prohl\u00e9dnout historickou pec na chleba a dozv\u011bd\u011bt se o cel\u00e9m procesu pe\u010den\u00ed chleba \u2013 od zrna a\u017e po hotov\u00fd bochn\u00edk. Na m\u00edst\u011b je tak\u00e9 okouzluj\u00edc\u00ed zahrada. <strong>Je to mal\u00e1 atrakce, ale dopl\u0148uje den str\u00e1ven\u00fd proch\u00e1zkou po l\u00e1zn\u00edch a Sky Walk.<\/strong> Pak se m\u016f\u017eete klidn\u011b vr\u00e1tit do sv\u00e9ho apartm\u00e1nu nebo si zaj\u00edt na p\u0159\u00edjemnou ve\u010de\u0159i do nedalek\u00e9 restaurace.<\/p>\n\n\n\n<p class=\"wp-block-paragraph\">\ud83d\udccd <a href=\"https:\/\/maps.app.goo.gl\/d1iUMe1a2eciwBbq9\" target=\"_blank\" rel=\"noreferrer noopener\"><strong>Mapa Google<\/strong><\/a><\/p>\n\n\n\n<div style=\"height:30px\" aria-hidden=\"true\" class=\"wp-block-spacer\"><\/div>\n\n\n\n<div class=\"wp-block-cover has-parallax\" style=\"min-height:257px;aspect-ratio:unset;\"><div class=\"wp-block-cover__image-background wp-image-8218 size-large has-parallax\" style=\"background-position:50% 50%;background-image:url(https:\/\/wonderhome.eu\/wp-content\/uploads\/2026\/04\/271-1-1024x576.jpg)\"><\/div><span aria-hidden=\"true\" class=\"wp-block-cover__background has-background-dim\" style=\"background-color:#5a541b\"><\/span><div class=\"wp-block-cover__inner-container is-layout-constrained wp-block-cover-is-layout-constrained\">\n<p class=\"has-text-align-center has-white-color has-text-color has-link-color has-large-font-size wp-elements-8 wp-block-paragraph\" id=\"dzie\u01442\"><strong><a href=\"#world\">Den 2. <\/a>St\u00f3g Izerski, lanovka a v\u00fdhledy na hory<\/strong><\/p>\n<\/div><\/div>\n\n\n\n<div style=\"height:10px\" aria-hidden=\"true\" class=\"wp-block-spacer\"><\/div>\n\n\n\n<p class=\"wp-block-paragraph\">Druh\u00fd den nech\u00e1me l\u00e1ze\u0148sk\u00e9 centrum za sebou a vyd\u00e1me se sm\u011brem k St\u00f3gu Izerski. Samoz\u0159ejm\u011b se m\u016f\u017eete vydat na t\u00faru na horu, ale pokud pl\u00e1nujete n\u00e1v\u0161t\u011bvu o v\u00edkendu, <strong>kabinov\u00e1 lanovka<\/strong> je velmi pohodln\u00e9 \u0159e\u0161en\u00ed.<\/p>\n\n\n\n<h2 id=\"kolej\" class=\"wp-block-heading has-text-color has-link-color wp-elements-9\" style=\"color:#d7a97d\">Gondola do St\u00f3g Izerski<\/h2>\n\n\n\n<p class=\"wp-block-paragraph\">J\u00edzda gondolou trv\u00e1 asi 8 minut a umo\u017e\u0148uje v\u00e1m rychle dos\u00e1hnout nadmo\u0159sk\u00e9 v\u00fd\u0161ky p\u0159es 1000 m. Po odjezdu se vyplat\u00ed vyj\u00edt p\u011b\u0161ky k \u00fatuln\u011b PTTK na St\u00f3g Izerski a pot\u00e9 pokra\u010dovat po stezce.<\/p>\n\n\n\n<p class=\"wp-block-paragraph\">Zde se vyplat\u00ed dop\u0159\u00e1t si trochu volnosti. Pokud m\u00e1te chu\u0165 na kr\u00e1tkou proch\u00e1zku po okol\u00ed, nen\u00ed t\u0159eba pl\u00e1novat velkou expedici. Pokud v\u00e1m ale po\u010das\u00ed dovol\u00ed, m\u016f\u017eete zvolit del\u0161\u00ed trasu a str\u00e1vit na stezce n\u011bkolik hodin. Je dobr\u00e9 si tuto flexibilitu ponechat ve sv\u00e9m v\u00edkendov\u00e9m pl\u00e1nu.<\/p>\n\n\n\n<div style=\"height:30px\" aria-hidden=\"true\" class=\"wp-block-spacer\"><\/div>\n\n\n\n<figure class=\"wp-block-image size-large is-resized\"><img loading=\"lazy\" decoding=\"async\" width=\"1024\" height=\"614\" src=\"https:\/\/wonderhome.eu\/wp-content\/uploads\/2026\/08\/1280px-KolejGondolowaNaStogIzerski-TrasaKolei-WidokOdStacjiGornej-POL_Stog_Izerski-1-1024x614.jpg\" alt=\"kolej gondolowa \u015awierad\u00f3w-Zdr\u00f3j\" class=\"wp-image-8998\" style=\"object-fit:cover;width:750px;height:350px\" srcset=\"https:\/\/wonderhome.eu\/wp-content\/uploads\/2026\/08\/1280px-KolejGondolowaNaStogIzerski-TrasaKolei-WidokOdStacjiGornej-POL_Stog_Izerski-1-1024x614.jpg 1024w, https:\/\/wonderhome.eu\/wp-content\/uploads\/2026\/08\/1280px-KolejGondolowaNaStogIzerski-TrasaKolei-WidokOdStacjiGornej-POL_Stog_Izerski-1-300x180.jpg 300w, https:\/\/wonderhome.eu\/wp-content\/uploads\/2026\/08\/1280px-KolejGondolowaNaStogIzerski-TrasaKolei-WidokOdStacjiGornej-POL_Stog_Izerski-1-768x461.jpg 768w, https:\/\/wonderhome.eu\/wp-content\/uploads\/2026\/08\/1280px-KolejGondolowaNaStogIzerski-TrasaKolei-WidokOdStacjiGornej-POL_Stog_Izerski-1-18x12.jpg 18w, https:\/\/wonderhome.eu\/wp-content\/uploads\/2026\/08\/1280px-KolejGondolowaNaStogIzerski-TrasaKolei-WidokOdStacjiGornej-POL_Stog_Izerski-1.jpg 1280w\" sizes=\"auto, (max-width: 1024px) 100vw, 1024px\" \/><figcaption class=\"wp-element-caption\">Mach240390, CC BY 4.0 <https: creativecommons.org=\"\" licenses=\"\" by=\"\" 4.0=\"\">, p\u0159es Wikimedia Commons<\/https:><\/figcaption><\/figure>\n\n\n\n<div style=\"height:30px\" aria-hidden=\"true\" class=\"wp-block-spacer\"><\/div>\n\n\n\n<h2 id=\"schronisko\" class=\"wp-block-heading has-text-color has-link-color wp-elements-10\" style=\"color:#d7a97d\">\u00dakryt PTTK na Stog Izerski<\/h2>\n\n\n\n<p class=\"wp-block-paragraph\"><strong>\u00dakryt PTTK na Stog Izerski<\/strong> Funguje od roku 1924 a nach\u00e1z\u00ed se v nadmo\u0159sk\u00e9 v\u00fd\u0161ce 1 060 metr\u016f. P\u0159ed chatou se k\u0159i\u017euje n\u011bkolik obl\u00edben\u00fdch turistick\u00fdch stezek, v\u010detn\u011b \u010derven\u00e9, kter\u00e1 vede sm\u011brem na Smrek a d\u00e1le do Szklarsk\u00e9 Por\u0119by. Samoz\u0159ejm\u011b si z toho nemus\u00edte ud\u011blat celodenn\u00ed v\u00fdlet \u2013 je lep\u0161\u00ed si nechat \u010das na v\u00edkend ve \u015awieradow\u011b, abyste si v klidu pokochali v\u00fdhledy, ne\u017e abyste z\u00e1vodili s mapou.<\/p>\n\n\n\n<p class=\"wp-block-paragraph\">\ud83d\udccd <a href=\"https:\/\/maps.app.goo.gl\/nMWBZWkPch3rktnHA\" target=\"_blank\" rel=\"noreferrer noopener\"><strong>Mapa Google<\/strong><\/a><\/p>\n\n\n\n<div style=\"height:30px\" aria-hidden=\"true\" class=\"wp-block-spacer\"><\/div>\n\n\n\n<figure class=\"wp-block-image size-large is-resized\"><img loading=\"lazy\" decoding=\"async\" width=\"1024\" height=\"682\" src=\"https:\/\/wonderhome.eu\/wp-content\/uploads\/2026\/08\/1280px-PL-Heufuderbaude-1-1-1024x682.jpg\" alt=\"Schronisko na Stogu Izerskim - weekend w \u015awieradowie-Zdroju\" class=\"wp-image-8999\" style=\"object-fit:cover;width:750px;height:350px\" srcset=\"https:\/\/wonderhome.eu\/wp-content\/uploads\/2026\/08\/1280px-PL-Heufuderbaude-1-1-1024x682.jpg 1024w, https:\/\/wonderhome.eu\/wp-content\/uploads\/2026\/08\/1280px-PL-Heufuderbaude-1-1-300x200.jpg 300w, https:\/\/wonderhome.eu\/wp-content\/uploads\/2026\/08\/1280px-PL-Heufuderbaude-1-1-768x512.jpg 768w, https:\/\/wonderhome.eu\/wp-content\/uploads\/2026\/08\/1280px-PL-Heufuderbaude-1-1-18x12.jpg 18w, https:\/\/wonderhome.eu\/wp-content\/uploads\/2026\/08\/1280px-PL-Heufuderbaude-1-1.jpg 1280w\" sizes=\"auto, (max-width: 1024px) 100vw, 1024px\" \/><figcaption class=\"wp-element-caption\">SchiDD, CC BY-SA 4.0 <https: creativecommons.org=\"\" licenses=\"\" by-sa=\"\" 4.0=\"\">, p\u0159es Wikimedia Commons<\/https:><\/figcaption><\/figure>\n\n\n\n<div style=\"height:30px\" aria-hidden=\"true\" class=\"wp-block-spacer\"><\/div>\n\n\n\n<h2 id=\"wie\u017ca\" class=\"wp-block-heading has-text-color has-link-color wp-elements-11\" style=\"color:#d7a97d\">Vyhl\u00eddkov\u00e1 v\u011b\u017e na M\u0142ynici<\/h2>\n\n\n\n<p class=\"wp-block-paragraph\">Po n\u00e1vratu do \u015awieradowa se vyplat\u00ed p\u0159idat je\u0161t\u011b jednu vyhl\u00eddku. <strong>V\u011b\u017e na Mlynici<\/strong> Je vysok\u00e1 33,8 metr\u016f a m\u00e1 dv\u011b terasy s v\u00fdhledem na hory a cel\u00e9 Jizersk\u00e9 podh\u016f\u0159\u00ed. Do horn\u00edho patra vede 148 schod\u016f, tak\u017ee je to atrakce, kter\u00e1 vy\u017eaduje o n\u011bco v\u00edce \u00fasil\u00ed ne\u017e pohled z okna lanovky.<\/p>\n\n\n\n<p class=\"wp-block-paragraph\">Velk\u00e9 plus? <strong>Vstup do v\u011b\u017ee je zdarma.<\/strong> Auto m\u016f\u017eete nechat na parkovi\u0161ti na ulici Stra\u017cacka a odtud vede k objektu kr\u00e1tk\u00e1 lesn\u00ed cesta dlouh\u00e1 200 metr\u016f. Ml\u00fdn je dobr\u00fd zp\u016fsob, jak zakon\u010dit druh\u00fd den, ani\u017e byste si p\u0159idali dal\u0161\u00ed tucet kilometr\u016f.<\/p>\n\n\n\n<p class=\"wp-block-paragraph\">\ud83d\udccd <a href=\"https:\/\/maps.app.goo.gl\/q7EV3CCB41aWxL3v5\" target=\"_blank\" rel=\"noreferrer noopener\"><strong>Mapa Google<\/strong><\/a><\/p>\n\n\n\n<div style=\"height:30px\" aria-hidden=\"true\" class=\"wp-block-spacer\"><\/div>\n\n\n\n<hr class=\"wp-block-separator has-alpha-channel-opacity\"\/>\n\n\n\n<div style=\"height:30px\" aria-hidden=\"true\" class=\"wp-block-spacer\"><\/div>\n\n\n\n<p class=\"has-text-align-center has-text-color has-link-color wp-elements-12 wp-block-paragraph\" style=\"color:#d7a97d;font-size:20px\"><strong>Sledujte Wonder Home Apartments na soci\u00e1ln\u00edch s\u00edt\u00edch!<\/strong><\/p>\n\n\n\n<div class=\"wp-block-buttons is-horizontal is-content-justification-center is-layout-flex wp-container-core-buttons-is-layout-11b5f301 wp-block-buttons-is-layout-flex\" style=\"padding-top:var(--wp--preset--spacing--20);padding-right:var(--wp--preset--spacing--20);padding-bottom:var(--wp--preset--spacing--20);padding-left:var(--wp--preset--spacing--20)\">\n<div class=\"wp-block-button is-style-primary is-style-outline is-style-outline--6\"><a class=\"wp-block-button__link has-white-color has-text-color has-background has-link-color wp-element-button\" style=\"border-radius:22px;background-color:#06376a\"><strong>Facebook<\/strong><\/a><\/div>\n\n\n\n<div class=\"wp-block-button is-style-primary is-style-outline is-style-outline--7\"><a class=\"wp-block-button__link has-white-color has-text-color has-background has-link-color wp-element-button\" href=\"https:\/\/www.instagram.com\/apartamenty_wonder_home\/?hl=pl\" style=\"border-radius:22px;background:linear-gradient(81deg,rgb(255,203,112) 0%,rgb(199,81,192) 50%,rgb(65,88,208) 100%)\" target=\"_blank\" rel=\"noreferrer noopener\"><strong>Instagram<\/strong><\/a><\/div>\n\n\n\n<div class=\"wp-block-button is-style-primary is-style-outline is-style-outline--8\"><a class=\"wp-block-button__link has-white-color has-vivid-red-background-color has-text-color has-background has-link-color wp-element-button\" href=\"https:\/\/www.youtube.com\/channel\/UCy2cOiwvtYYOORiz00Ik4DQ\/videos\" style=\"border-radius:22px\" target=\"_blank\" rel=\"noreferrer noopener\"><strong>YouTube<\/strong><\/a><\/div>\n<\/div>\n\n\n\n<div style=\"height:30px\" aria-hidden=\"true\" class=\"wp-block-spacer\"><\/div>\n\n\n\n<hr class=\"wp-block-separator has-alpha-channel-opacity\"\/>\n\n\n\n<div style=\"height:39px\" aria-hidden=\"true\" class=\"wp-block-spacer\"><\/div>\n\n\n\n<div class=\"wp-block-cover has-parallax\" style=\"min-height:257px;aspect-ratio:unset;\"><div class=\"wp-block-cover__image-background wp-image-8218 size-large has-parallax\" style=\"background-position:50% 50%;background-image:url(https:\/\/wonderhome.eu\/wp-content\/uploads\/2026\/04\/271-1-1024x576.jpg)\"><\/div><span aria-hidden=\"true\" class=\"wp-block-cover__background has-background-dim\" style=\"background-color:#5a541b\"><\/span><div class=\"wp-block-cover__inner-container is-layout-constrained wp-block-cover-is-layout-constrained\">\n<p class=\"has-text-align-center has-white-color has-text-color has-link-color has-large-font-size wp-elements-13 wp-block-paragraph\" id=\"je\u015bli\"><strong>Pokud m\u00e1te je\u0161t\u011b p\u00e1r hodin \u2013 co byste si m\u011bli do pl\u00e1nu p\u0159idat?<\/strong><\/p>\n<\/div><\/div>\n\n\n\n<div style=\"height:10px\" aria-hidden=\"true\" class=\"wp-block-spacer\"><\/div>\n\n\n\n<p class=\"wp-block-paragraph\">Pokud v\u00e1m po prvn\u00edm dni a v\u00fdletu do St\u00f3gu Izerski je\u0161t\u011b zbyde \u010das a energie, nemus\u00edte sp\u011bchat s hled\u00e1n\u00edm dal\u0161\u00ed v\u00fdznamn\u00e9 atrakce. V okol\u00ed \u015awierad\u00f3wa-Zdr\u00f3je je n\u011bkolik m\u00edst, kter\u00e1 m\u016f\u017eete nav\u0161t\u00edvit mimochodem, ani\u017e byste museli p\u0159eorganizov\u00e1vat cel\u00fd sv\u016fj v\u00edkendov\u00fd pl\u00e1n.<\/p>\n\n\n\n<h2 id=\"wodospad\" class=\"wp-block-heading has-text-color has-link-color wp-elements-14\" style=\"color:#d7a97d\">Vodop\u00e1d Kwisa<\/h2>\n\n\n\n<p class=\"wp-block-paragraph\"><strong>Vodop\u00e1d Kwisa<\/strong> Jedn\u00e1 se o malou, um\u011ble vytvo\u0159enou kask\u00e1du v \u00fadol\u00ed \u0159eky Kwisa. Nen\u00ed to atrakce, na kterou byste si museli vyhradit p\u016fl dne \u2013 od hlavn\u00ed silnice k vodop\u00e1du vede kr\u00e1tk\u00e1 lesn\u00ed cesta. Stoj\u00ed za n\u00e1v\u0161t\u011bvu, zvl\u00e1\u0161t\u011b pokud m\u00e1te chu\u0165 na klidnou proch\u00e1zku daleko od centra m\u011bsta.<\/p>\n\n\n\n<p class=\"wp-block-paragraph\">\ud83d\udccd <a href=\"https:\/\/www.google.pl\/maps\/place\/Wodospad+Kwisa+-+%C5%9Awierad%C3%B3w+Zdr%C3%B3j\/@50.9131948,15.2692098,13z\/data=!4m7!3m6!1s0x470ed3df29aeafd7:0x5282dc89f62d8803!8m2!3d50.8926478!4d15.3737542!15sCg53b2Rvc3BhZCBrd2lzYVoQIg53b2Rvc3BhZCBrd2lzYZIBEnRvdXJpc3RfYXR0cmFjdGlvbuABAA!16s%2Fg%2F11cp7mh4nv?entry=tts&amp;g_ep=EgoyMDI0MDcyMS4wKgBIAVAD\" target=\"_blank\" rel=\"noreferrer noopener\"><strong>Mapa Google<\/strong><\/a><\/p>\n\n\n\n<div style=\"height:30px\" aria-hidden=\"true\" class=\"wp-block-spacer\"><\/div>\n\n\n\n<figure class=\"wp-block-image size-large is-resized\"><img loading=\"lazy\" decoding=\"async\" width=\"1024\" height=\"681\" src=\"https:\/\/wonderhome.eu\/wp-content\/uploads\/2026\/08\/1280px-Swieradow-Zdroj_-_Wodospad_Kwisy_-_16.05.2024_15-25-49-1-1024x681.jpg\" alt=\"Wodospad Kwisa - weekend w \u015awieradowie-Zdroju\" class=\"wp-image-9000\" style=\"object-fit:cover;width:750px;height:350px\" srcset=\"https:\/\/wonderhome.eu\/wp-content\/uploads\/2026\/08\/1280px-Swieradow-Zdroj_-_Wodospad_Kwisy_-_16.05.2024_15-25-49-1-1024x681.jpg 1024w, https:\/\/wonderhome.eu\/wp-content\/uploads\/2026\/08\/1280px-Swieradow-Zdroj_-_Wodospad_Kwisy_-_16.05.2024_15-25-49-1-300x199.jpg 300w, https:\/\/wonderhome.eu\/wp-content\/uploads\/2026\/08\/1280px-Swieradow-Zdroj_-_Wodospad_Kwisy_-_16.05.2024_15-25-49-1-768x511.jpg 768w, https:\/\/wonderhome.eu\/wp-content\/uploads\/2026\/08\/1280px-Swieradow-Zdroj_-_Wodospad_Kwisy_-_16.05.2024_15-25-49-1-18x12.jpg 18w, https:\/\/wonderhome.eu\/wp-content\/uploads\/2026\/08\/1280px-Swieradow-Zdroj_-_Wodospad_Kwisy_-_16.05.2024_15-25-49-1.jpg 1280w\" sizes=\"auto, (max-width: 1024px) 100vw, 1024px\" \/><figcaption class=\"wp-element-caption\">Fotografie od Rados\u0142aw Dro\u017cd\u017cewski (U\u017eivatel:Zwiadowca21), CC BY-SA 4.0 <https: creativecommons.org=\"\" licenses=\"\" by-sa=\"\" 4.0=\"\">, p\u0159es Wikimedia Commons<\/https:><\/figcaption><\/figure>\n\n\n\n<div style=\"height:30px\" aria-hidden=\"true\" class=\"wp-block-spacer\"><\/div>\n\n\n\n<h2 id=\"izerski\" class=\"wp-block-heading has-text-color has-link-color wp-elements-15\" style=\"color:#d7a97d\">Jizersk\u00fd antigravita\u010dn\u00ed bod<\/h2>\n\n\n\n<p class=\"wp-block-paragraph\">Pokud m\u00e1te r\u00e1di z\u00e1\u017eitky typu \u201epo\u010dkejte, jak tohle vlastn\u011b funguje?\u201d, pod\u00edvejte se <strong>Jizersk\u00fd antigravita\u010dn\u00ed bod<\/strong> na ulici Stra\u017cacka, pobl\u00ed\u017e doln\u00ed stanice kabinkov\u00e9 lanovky. Auto ponechan\u00e9 na neutr\u00e1lu na ur\u010den\u00e9m m\u00edst\u011b se zd\u00e1, jako by se samo od sebe valilo do kopce. Nejpravd\u011bpodobn\u011bj\u0161\u00edm vysv\u011btlen\u00edm je optick\u00fd klam souvisej\u00edc\u00ed s ter\u00e9nem, ale ov\u011b\u0159en\u00ed si to m\u016f\u017ee zabrat n\u011bkolik minut.<\/p>\n\n\n\n<p class=\"wp-block-paragraph\">\ud83d\udccd <a href=\"https:\/\/maps.app.goo.gl\/sGzNvcPg67PhCdsK8\" target=\"_blank\" rel=\"noreferrer noopener\"><strong>Mapa Google<\/strong><\/a><\/p>\n\n\n\n<h2 id=\"zaj\u0119cznik\" class=\"wp-block-heading has-text-color has-link-color wp-elements-16\" style=\"color:#d7a97d\">Hareworm<\/h2>\n\n\n\n<p class=\"wp-block-paragraph\">Na konci m\u016f\u017eete p\u0159idat <strong>Hareworm<\/strong> \u2013 n\u00edzk\u00fd vrchol odd\u011bluj\u00edc\u00ed \u015awierad\u00f3w-Zdr\u00f3j od Czerniawy-Zdr\u00f3j. Je to skv\u011bl\u00e1 mo\u017enost pro ty, kte\u0159\u00ed d\u00e1vaj\u00ed p\u0159ednost kr\u00e1tk\u00e9 proch\u00e1zce lesem k dal\u0161\u00ed v\u00fdznamn\u00e9 atrakci. D\u0159\u00edve zde st\u00e1vala rozhledna, ale v sou\u010dasnosti stoj\u00ed na Zaj\u0119czniku pouze televizn\u00ed vys\u00edla\u010d.<\/p>\n\n\n\n<p class=\"wp-block-paragraph\">\ud83d\udccd <a href=\"https:\/\/maps.app.goo.gl\/gAaQQcy67NGSPfJ48\" target=\"_blank\" rel=\"noreferrer noopener\"><strong>Mapa Google<\/strong><\/a><\/p>\n\n\n\n<p class=\"wp-block-paragraph\"><strong>Nepova\u017eujte tento seznam za povinnou sou\u010d\u00e1st programu.<\/strong> To jsou sp\u00ed\u0161e t\u0159i mo\u017enosti, ze kter\u00fdch si m\u016f\u017eete vybrat \u2013 podle toho, kolik v\u00e1m zb\u00fdv\u00e1 \u010dasu, jak\u00e9 je po\u010das\u00ed a jestli v\u00e1s po dvou dnech ch\u016fze nevyd\u00e1vaj\u00ed nohy.<\/p>\n\n\n\n<div style=\"height:39px\" aria-hidden=\"true\" class=\"wp-block-spacer\"><\/div>\n\n\n\n<div class=\"wp-block-cover has-parallax\" style=\"min-height:257px;aspect-ratio:unset;\"><div class=\"wp-block-cover__image-background wp-image-8703 size-full has-parallax\" style=\"background-position:50% 50%;background-image:url(https:\/\/wonderhome.eu\/wp-content\/uploads\/2026\/07\/474329392_495681273546995_6529030669648942909_n.jpg)\"><\/div><span aria-hidden=\"true\" class=\"wp-block-cover__background has-background-dim\" style=\"background-color:#7c654d\"><\/span><div class=\"wp-block-cover__inner-container is-layout-constrained wp-block-cover-is-layout-constrained\">\n<p class=\"has-text-align-center has-white-color has-text-color has-link-color has-large-font-size wp-elements-17 wp-block-paragraph\" id=\"gdzie\"><strong>Kde se naj\u00edst a odpo\u010dinout si po dlouh\u00e9m dni?<\/strong><\/p>\n<\/div><\/div>\n\n\n\n<div style=\"height:10px\" aria-hidden=\"true\" class=\"wp-block-spacer\"><\/div>\n\n\n\n<p class=\"wp-block-paragraph\">Po dvou dnech turistiky v hor\u00e1ch a pozn\u00e1v\u00e1n\u00ed pam\u00e1tek se vyplat\u00ed si dop\u0159\u00e1t trochu pauzy. \u015awierad\u00f3w-Zdr\u00f3j nab\u00edz\u00ed spoustu kav\u00e1ren, restaurac\u00ed a m\u00edst, kde si m\u016f\u017eete prost\u011b sednout, n\u011bco sn\u00edst a nestarat se o sledov\u00e1n\u00ed hodinek. Pokud hled\u00e1te konkr\u00e9tn\u00ed m\u00edsto na ob\u011bd, k\u00e1vu nebo n\u011bco sladk\u00e9ho, pod\u00edvejte se na na\u0161e <strong><a href=\"https:\/\/wonderhome.eu\/cz\/przewodnik-po-swieradowie-zdroju\/\" target=\"_blank\" rel=\"noreferrer noopener\">pr\u016fvodce po \u015awierad\u00f3w-Zdr\u00f3j<\/a><\/strong>, kde jsme shrom\u00e1\u017edili ta nejzaj\u00edmav\u011bj\u0161\u00ed m\u00edsta ve m\u011bst\u011b.<\/p>\n\n\n\n<div style=\"height:39px\" aria-hidden=\"true\" class=\"wp-block-spacer\"><\/div>\n\n\n\n<hr class=\"wp-block-separator has-alpha-channel-opacity\"\/>\n\n\n\n<div style=\"height:30px\" aria-hidden=\"true\" class=\"wp-block-spacer\"><\/div>\n\n\n\n<h2 class=\"wp-block-heading has-text-align-left has-text-color has-link-color wp-elements-18\" id=\"zainspiruj\" style=\"color:#d7a97d\">Zjist\u011bte v\u00edce!<\/h2>\n\n\n\n<p class=\"wp-block-paragraph\"><strong>Nezapome\u0148te se pod\u00edvat na na\u0161e p\u0159edchoz\u00ed p\u0159\u00edsp\u011bvky o \u015awierad\u00f3w-Zdr\u00f3j:<\/strong><\/p>\n\n\n\n<ul class=\"wp-block-list\">\n<li><strong><a href=\"https:\/\/wonderhome.eu\/cz\/blog\/niezwykle-miejsca-swieradow-zdroj\/\" target=\"_blank\" rel=\"noreferrer noopener\">\u015awierad\u00f3w-Zdr\u00f3j: 10 mimo\u0159\u00e1dn\u00fdch m\u00edst, kter\u00e1 stoj\u00ed za to nav\u0161t\u00edvit!<\/a><\/strong><\/li>\n\n\n\n<li><strong><a href=\"https:\/\/wonderhome.eu\/cz\/blog\/atrakcje-dla-dzieci-w-swieradowie-zdroju\/\" target=\"_blank\" rel=\"noreferrer noopener\">TOP 7 atrakc\u00ed pro d\u011bti ve \u015awierad\u00f3w-Zdr\u00f3j! Pr\u016fvodce<\/a><\/strong><\/li>\n\n\n\n<li><a href=\"https:\/\/wonderhome.eu\/cz\/blog\/pobyt-z-psem-w-swieradowie-zdroju\/\" target=\"_blank\" rel=\"noreferrer noopener\"><strong>Pobyt se psem ve \u015awierad\u00f3w-Zdr\u00f3j: Co stoj\u00ed za to v\u011bd\u011bt?<\/strong><\/a><\/li>\n\n\n\n<li><strong><a href=\"https:\/\/wonderhome.eu\/cz\/blog\/co-robic-w-swieradowie-zdroju-gdy-pada-deszcz\/\" target=\"_blank\" rel=\"noreferrer noopener\">Co d\u011blat v \u015awierad\u00f3w-Zdr\u00f3j, kdy\u017e pr\u0161\u00ed? Pr\u016fvodce \u0161patn\u00fdm po\u010das\u00edm<\/a><\/strong><\/li>\n<\/ul>\n\n\n\n<div style=\"height:30px\" aria-hidden=\"true\" class=\"wp-block-spacer\"><\/div>\n\n\n\n<hr class=\"wp-block-separator has-alpha-channel-opacity\"\/>\n\n\n\n<div style=\"height:39px\" aria-hidden=\"true\" class=\"wp-block-spacer\"><\/div>\n\n\n\n<div class=\"wp-block-cover is-light has-parallax\" style=\"min-height:260px;aspect-ratio:unset;\"><div role=\"img\" aria-label=\"Matka s d\u00edt\u011btem v hor\u00e1ch\" class=\"wp-block-cover__image-background wp-image-3298 size-large has-parallax\" style=\"background-position:50% 50%;background-image:url(https:\/\/wonderhome.eu\/wp-content\/uploads\/2024\/08\/pexels-josh-willink-11499-6336569-1024x683.jpg)\"><\/div><span aria-hidden=\"true\" class=\"wp-block-cover__background has-background-dim\" style=\"background-color:#a2a3b0\"><\/span><div class=\"wp-block-cover__inner-container is-layout-constrained wp-block-cover-is-layout-constrained\">\n<p class=\"has-text-align-center has-white-color has-text-color has-link-color has-large-font-size wp-elements-19 wp-block-paragraph\" id=\"\u015bwierad\u00f3w\"><strong>\u015awierad\u00f3w-Zdr\u00f3j na v\u00edkend s d\u011btmi \u2013 co zm\u011bnit v pl\u00e1nu?<\/strong><\/p>\n<\/div><\/div>\n\n\n\n<div style=\"height:10px\" aria-hidden=\"true\" class=\"wp-block-spacer\"><\/div>\n\n\n\n<p class=\"wp-block-paragraph\">Pokud cestujete do \u015awierad\u00f3wa-Zdr\u00f3je s d\u011btmi, nemus\u00edte si vytv\u00e1\u0159et nov\u00fd pl\u00e1n prohl\u00eddky pam\u00e1tek. V\u011bt\u0161ina navrhovan\u00fdch atrakc\u00ed je vhodn\u00e1 i pro rodinn\u00fd v\u00fdlet \u2013 zejm\u00e9na <strong>Sky Walk, j\u00edzda lanovkou na St\u00f3g Izerski nebo proch\u00e1zka po l\u00e1ze\u0148sk\u00e9m centru<\/strong>.<\/p>\n\n\n\n<p class=\"wp-block-paragraph\">Stoj\u00ed ale za to sledovat tempo. Dva dny v hor\u00e1ch s d\u011btmi nemus\u00ed znamenat dva dny intenzivn\u00ed ch\u016fze. Pokud toho maj\u00ed mal\u00ed po Sky Walku dost, m\u016f\u017eete si m\u00edsto p\u0159id\u00e1v\u00e1n\u00ed dal\u0161\u00ed vyhl\u00eddkov\u00e9 v\u011b\u017ee vybrat <strong><a href=\"https:\/\/www.facebook.com\/IzerskaLaka\/?locale=pl_PL\" target=\"_blank\" rel=\"noreferrer noopener\">Jizersk\u00e1 louka<\/a>, <a href=\"https:\/\/pracowniapiernikowa.pl\/\" target=\"_blank\" rel=\"noreferrer noopener\">Isabellina pern\u00edkov\u00e1 d\u00edlna<\/a> nebo <a href=\"https:\/\/swieradowzdroj.pl\/artykul\/2205\/na-zajecznik-sciezka-edukacyjna\" target=\"_blank\" rel=\"noreferrer noopener\">nau\u010dn\u00e1 stezka na Zaj\u0119czniku<\/a><\/strong>.<\/p>\n\n\n\n<div style=\"height:39px\" aria-hidden=\"true\" class=\"wp-block-spacer\"><\/div>\n\n\n\n<div class=\"wp-block-cover has-parallax\" style=\"min-height:260px;aspect-ratio:unset;\"><div role=\"img\" aria-label=\"v\u00edkend ve \u015awierad\u00f3w-Zdr\u00f3j\" class=\"wp-block-cover__image-background wp-image-8997 size-large has-parallax\" style=\"background-position:50% 50%;background-image:url(https:\/\/wonderhome.eu\/wp-content\/uploads\/2026\/08\/960px-Wieza_Widokowa_Sky_Walk_w_Swieradowie_Zdroj-1-683x1024.jpg)\"><\/div><span aria-hidden=\"true\" class=\"wp-block-cover__background has-background-dim\" style=\"background-color:#5e716f\"><\/span><div class=\"wp-block-cover__inner-container is-layout-constrained wp-block-cover-is-layout-constrained\">\n<p class=\"has-text-align-center has-white-color has-text-color has-link-color has-large-font-size wp-elements-20 wp-block-paragraph\" id=\"podsumowanie\"><strong>Shrnut\u00ed. \u015awierad\u00f3w-Zdr\u00f3j na 2 dny<\/strong><\/p>\n<\/div><\/div>\n\n\n\n<div style=\"height:10px\" aria-hidden=\"true\" class=\"wp-block-spacer\"><\/div>\n\n\n\n<p class=\"wp-block-paragraph\">Dva dny snadno sta\u010d\u00ed k prohl\u00e9dnut\u00ed velk\u00e9ho mno\u017estv\u00ed v\u011bc\u00ed, ale nen\u00ed nutn\u00e9 nav\u0161t\u00edvit ka\u017edou pam\u00e1tku na seznamu. Vyberte si z na\u0161eho itiner\u00e1\u0159e to, co v\u00e1s nejv\u00edce zaj\u00edm\u00e1, a zbytek si nechte na jinou n\u00e1v\u0161t\u011bvu. Takto budete m\u00edt st\u00e1le \u010das na proch\u00e1zku po l\u00e1zn\u00edch a vychutn\u00e1n\u00ed si dobr\u00e9 k\u00e1vy v jedn\u00e9 z m\u00edstn\u00edch kav\u00e1ren. A pokud by v\u00e1m dva dny nesta\u010dily, m\u016f\u017eete p\u0159i va\u0161\u00ed p\u0159\u00ed\u0161t\u00ed n\u00e1v\u0161t\u011bv\u011b objevit dal\u0161\u00ed atrakce \u015awierad\u00f3w-Zdr\u00f3j.<\/p>\n<\/div>\n\n\n\n<div class=\"wp-block-column is-layout-flow wp-block-column-is-layout-flow\" style=\"flex-basis:25%\">\n<div class=\"wp-block-group is-nowrap is-layout-flex wp-container-core-group-is-layout-8f761849 wp-block-group-is-layout-flex\">\n<div style=\"height:100px;width:0px\" aria-hidden=\"true\" class=\"wp-block-spacer wp-container-content-6388d5dc\"><\/div>\n<\/div>\n<\/div>\n\n\n\n<div class=\"wp-block-column is-layout-flow wp-block-column-is-layout-flow\"><\/div>\n<\/div>\n\n\n\n<hr class=\"wp-block-separator has-alpha-channel-opacity\"\/>\n\n\n<div class=\"wp-block-image\">\n<figure class=\"aligncenter size-full\"><img loading=\"lazy\" decoding=\"async\" width=\"1934\" height=\"610\" src=\"https:\/\/wonderhome.eu\/wp-content\/uploads\/2024\/07\/Kwiat-Zdjecie-Cytat-Wiosna-Facebook-Zdjecie-w-Tle-9.jpg\" alt=\"\" class=\"wp-image-2878\" srcset=\"https:\/\/wonderhome.eu\/wp-content\/uploads\/2024\/07\/Kwiat-Zdjecie-Cytat-Wiosna-Facebook-Zdjecie-w-Tle-9.jpg 1934w, https:\/\/wonderhome.eu\/wp-content\/uploads\/2024\/07\/Kwiat-Zdjecie-Cytat-Wiosna-Facebook-Zdjecie-w-Tle-9-300x95.jpg 300w, https:\/\/wonderhome.eu\/wp-content\/uploads\/2024\/07\/Kwiat-Zdjecie-Cytat-Wiosna-Facebook-Zdjecie-w-Tle-9-1024x323.jpg 1024w, https:\/\/wonderhome.eu\/wp-content\/uploads\/2024\/07\/Kwiat-Zdjecie-Cytat-Wiosna-Facebook-Zdjecie-w-Tle-9-768x242.jpg 768w, https:\/\/wonderhome.eu\/wp-content\/uploads\/2024\/07\/Kwiat-Zdjecie-Cytat-Wiosna-Facebook-Zdjecie-w-Tle-9-1536x484.jpg 1536w\" sizes=\"auto, (max-width: 1934px) 100vw, 1934px\" \/><\/figure>\n<\/div>\n\n\n<p class=\"wp-block-paragraph\" style=\"font-size:16px\"><strong>Autor:<\/strong> Eliza Tomakaov\u00e1<\/p>\n\n\n\n<hr class=\"wp-block-separator has-alpha-channel-opacity\"\/>\n\n\n\n<div style=\"height:100px\" aria-hidden=\"true\" class=\"wp-block-spacer\"><\/div>\n\n\n\n<p class=\"wp-block-paragraph\"><\/p>","protected":false},"featured_media":8932,"template":"","categories":[40],"class_list":["post-8931","blog","type-blog","status-publish","has-post-thumbnail","hentry","category-swieradow_zdroj"],"acf":[],"yoast_head":"<!-- This site is optimized with the Yoast SEO plugin v28.4 - https:\/\/yoast.com\/product\/yoast-seo-wordpress\/ -->\n<title>\u015awierad\u00f3w-Zdr\u00f3j na weekend? Sprawd\u017a plan wyjazdu na 2 dni!<\/title>\n<meta name=\"description\" content=\"\u015awierad\u00f3w-Zdr\u00f3j na weekend? Sprawd\u017a, jak zaplanowa\u0107 2 dni w g\u00f3rach, po\u0142\u0105czy\u0107 najciekawsze atrakcje, spacery i odpoczynek bez po\u015bpiechu.\" \/>\n<meta name=\"robots\" content=\"index, follow, max-snippet:-1, max-image-preview:large, max-video-preview:-1\" \/>\n<link rel=\"canonical\" href=\"https:\/\/wonderhome.eu\/cz\/blog\/swieradow-zdroj-na-weekend\/\" \/>\n<meta property=\"og:locale\" content=\"cs_CZ\" \/>\n<meta property=\"og:type\" content=\"article\" \/>\n<meta property=\"og:title\" content=\"\u015awierad\u00f3w-Zdr\u00f3j na weekend? Sprawd\u017a plan wyjazdu na 2 dni!\" \/>\n<meta property=\"og:description\" content=\"\u015awierad\u00f3w-Zdr\u00f3j na weekend? Sprawd\u017a, jak zaplanowa\u0107 2 dni w g\u00f3rach, po\u0142\u0105czy\u0107 najciekawsze atrakcje, spacery i odpoczynek bez po\u015bpiechu.\" \/>\n<meta property=\"og:url\" content=\"https:\/\/wonderhome.eu\/cz\/blog\/swieradow-zdroj-na-weekend\/\" \/>\n<meta property=\"og:site_name\" content=\"Wonder Home\" \/>\n<meta property=\"article:modified_time\" content=\"2026-08-25T11:09:31+00:00\" \/>\n<meta property=\"og:image\" content=\"https:\/\/wonderhome.eu\/wp-content\/uploads\/2026\/08\/3840px-Fontanna_przy_wejsciu_do_Paku_Zdrojowego-1-scaled.jpg\" \/>\n\t<meta property=\"og:image:width\" content=\"2560\" \/>\n\t<meta property=\"og:image:height\" content=\"1707\" \/>\n\t<meta property=\"og:image:type\" content=\"image\/jpeg\" \/>\n<meta name=\"twitter:card\" content=\"summary_large_image\" \/>\n<meta name=\"twitter:label1\" content=\"Odhadovan\u00e1 doba \u010dten\u00ed\" \/>\n\t<meta name=\"twitter:data1\" content=\"13 minut\" \/>\n<script type=\"application\/ld+json\" class=\"yoast-schema-graph\">{\"@context\":\"https:\\\/\\\/schema.org\",\"@graph\":[{\"@type\":\"WebPage\",\"@id\":\"https:\\\/\\\/wonderhome.eu\\\/blog\\\/swieradow-zdroj-na-weekend\",\"url\":\"https:\\\/\\\/wonderhome.eu\\\/blog\\\/swieradow-zdroj-na-weekend\",\"name\":\"\u015awierad\u00f3w-Zdr\u00f3j na weekend? Sprawd\u017a plan wyjazdu na 2 dni!\",\"isPartOf\":{\"@id\":\"https:\\\/\\\/wonderhome.eu\\\/#website\"},\"primaryImageOfPage\":{\"@id\":\"https:\\\/\\\/wonderhome.eu\\\/blog\\\/swieradow-zdroj-na-weekend#primaryimage\"},\"image\":{\"@id\":\"https:\\\/\\\/wonderhome.eu\\\/blog\\\/swieradow-zdroj-na-weekend#primaryimage\"},\"thumbnailUrl\":\"https:\\\/\\\/wonderhome.eu\\\/wp-content\\\/uploads\\\/2026\\\/08\\\/3840px-Fontanna_przy_wejsciu_do_Paku_Zdrojowego-1-scaled.jpg\",\"datePublished\":\"2026-08-25T10:45:00+00:00\",\"dateModified\":\"2026-08-25T11:09:31+00:00\",\"description\":\"\u015awierad\u00f3w-Zdr\u00f3j na weekend? Sprawd\u017a, jak zaplanowa\u0107 2 dni w g\u00f3rach, po\u0142\u0105czy\u0107 najciekawsze atrakcje, spacery i odpoczynek bez po\u015bpiechu.\",\"inLanguage\":\"cs\",\"potentialAction\":[{\"@type\":\"ReadAction\",\"target\":[\"https:\\\/\\\/wonderhome.eu\\\/blog\\\/swieradow-zdroj-na-weekend\"]}]},{\"@type\":\"ImageObject\",\"inLanguage\":\"cs\",\"@id\":\"https:\\\/\\\/wonderhome.eu\\\/blog\\\/swieradow-zdroj-na-weekend#primaryimage\",\"url\":\"https:\\\/\\\/wonderhome.eu\\\/wp-content\\\/uploads\\\/2026\\\/08\\\/3840px-Fontanna_przy_wejsciu_do_Paku_Zdrojowego-1-scaled.jpg\",\"contentUrl\":\"https:\\\/\\\/wonderhome.eu\\\/wp-content\\\/uploads\\\/2026\\\/08\\\/3840px-Fontanna_przy_wejsciu_do_Paku_Zdrojowego-1-scaled.jpg\",\"width\":2560,\"height\":1707,\"caption\":\"\u015awierad\u00f3w-Zdr\u00f3j na weekend\"},{\"@type\":\"WebSite\",\"@id\":\"https:\\\/\\\/wonderhome.eu\\\/#website\",\"url\":\"https:\\\/\\\/wonderhome.eu\\\/\",\"name\":\"Wonder Home\",\"description\":\"\",\"potentialAction\":[{\"@type\":\"SearchAction\",\"target\":{\"@type\":\"EntryPoint\",\"urlTemplate\":\"https:\\\/\\\/wonderhome.eu\\\/?s={search_term_string}\"},\"query-input\":{\"@type\":\"PropertyValueSpecification\",\"valueRequired\":true,\"valueName\":\"search_term_string\"}}],\"inLanguage\":\"cs\"}]}<\/script>\n<!-- \/ Yoast SEO plugin. -->","yoast_head_json":{"title":"\u015awierad\u00f3w-Zdr\u00f3j na weekend? Sprawd\u017a plan wyjazdu na 2 dni!","description":"\u015awierad\u00f3w-Zdr\u00f3j na weekend? Sprawd\u017a, jak zaplanowa\u0107 2 dni w g\u00f3rach, po\u0142\u0105czy\u0107 najciekawsze atrakcje, spacery i odpoczynek bez po\u015bpiechu.","robots":{"index":"index","follow":"follow","max-snippet":"max-snippet:-1","max-image-preview":"max-image-preview:large","max-video-preview":"max-video-preview:-1"},"canonical":"https:\/\/wonderhome.eu\/cz\/blog\/swieradow-zdroj-na-weekend\/","og_locale":"cs_CZ","og_type":"article","og_title":"\u015awierad\u00f3w-Zdr\u00f3j na weekend? Sprawd\u017a plan wyjazdu na 2 dni!","og_description":"\u015awierad\u00f3w-Zdr\u00f3j na weekend? Sprawd\u017a, jak zaplanowa\u0107 2 dni w g\u00f3rach, po\u0142\u0105czy\u0107 najciekawsze atrakcje, spacery i odpoczynek bez po\u015bpiechu.","og_url":"https:\/\/wonderhome.eu\/cz\/blog\/swieradow-zdroj-na-weekend\/","og_site_name":"Wonder Home","article_modified_time":"2026-08-25T11:09:31+00:00","og_image":[{"width":2560,"height":1707,"url":"https:\/\/wonderhome.eu\/wp-content\/uploads\/2026\/08\/3840px-Fontanna_przy_wejsciu_do_Paku_Zdrojowego-1-scaled.jpg","type":"image\/jpeg"}],"twitter_card":"summary_large_image","twitter_misc":{"Odhadovan\u00e1 doba \u010dten\u00ed":"13 minut"},"schema":{"@context":"https:\/\/schema.org","@graph":[{"@type":"WebPage","@id":"https:\/\/wonderhome.eu\/blog\/swieradow-zdroj-na-weekend","url":"https:\/\/wonderhome.eu\/blog\/swieradow-zdroj-na-weekend","name":"\u015awierad\u00f3w-Zdr\u00f3j na weekend? Sprawd\u017a plan wyjazdu na 2 dni!","isPartOf":{"@id":"https:\/\/wonderhome.eu\/#website"},"primaryImageOfPage":{"@id":"https:\/\/wonderhome.eu\/blog\/swieradow-zdroj-na-weekend#primaryimage"},"image":{"@id":"https:\/\/wonderhome.eu\/blog\/swieradow-zdroj-na-weekend#primaryimage"},"thumbnailUrl":"https:\/\/wonderhome.eu\/wp-content\/uploads\/2026\/08\/3840px-Fontanna_przy_wejsciu_do_Paku_Zdrojowego-1-scaled.jpg","datePublished":"2026-08-25T10:45:00+00:00","dateModified":"2026-08-25T11:09:31+00:00","description":"\u015awierad\u00f3w-Zdr\u00f3j na weekend? Sprawd\u017a, jak zaplanowa\u0107 2 dni w g\u00f3rach, po\u0142\u0105czy\u0107 najciekawsze atrakcje, spacery i odpoczynek bez po\u015bpiechu.","inLanguage":"cs","potentialAction":[{"@type":"ReadAction","target":["https:\/\/wonderhome.eu\/blog\/swieradow-zdroj-na-weekend"]}]},{"@type":"ImageObject","inLanguage":"cs","@id":"https:\/\/wonderhome.eu\/blog\/swieradow-zdroj-na-weekend#primaryimage","url":"https:\/\/wonderhome.eu\/wp-content\/uploads\/2026\/08\/3840px-Fontanna_przy_wejsciu_do_Paku_Zdrojowego-1-scaled.jpg","contentUrl":"https:\/\/wonderhome.eu\/wp-content\/uploads\/2026\/08\/3840px-Fontanna_przy_wejsciu_do_Paku_Zdrojowego-1-scaled.jpg","width":2560,"height":1707,"caption":"\u015awierad\u00f3w-Zdr\u00f3j na weekend"},{"@type":"WebSite","@id":"https:\/\/wonderhome.eu\/#website","url":"https:\/\/wonderhome.eu\/","name":"Wonder Home","description":"","potentialAction":[{"@type":"SearchAction","target":{"@type":"EntryPoint","urlTemplate":"https:\/\/wonderhome.eu\/?s={search_term_string}"},"query-input":{"@type":"PropertyValueSpecification","valueRequired":true,"valueName":"search_term_string"}}],"inLanguage":"cs"}]}},"_links":{"self":[{"href":"https:\/\/wonderhome.eu\/cz\/wp-json\/wp\/v2\/blog\/8931","targetHints":{"allow":["GET"]}}],"collection":[{"href":"https:\/\/wonderhome.eu\/cz\/wp-json\/wp\/v2\/blog"}],"about":[{"href":"https:\/\/wonderhome.eu\/cz\/wp-json\/wp\/v2\/types\/blog"}],"wp:featuredmedia":[{"embeddable":true,"href":"https:\/\/wonderhome.eu\/cz\/wp-json\/wp\/v2\/media\/8932"}],"wp:attachment":[{"href":"https:\/\/wonderhome.eu\/cz\/wp-json\/wp\/v2\/media?parent=8931"}],"wp:term":[{"taxonomy":"category","embeddable":true,"href":"https:\/\/wonderhome.eu\/cz\/wp-json\/wp\/v2\/categories?post=8931"}],"curies":[{"name":"wp","href":"https:\/\/api.w.org\/{rel}","templated":true}]}}